{"id":1662,"date":"2021-09-01T01:23:40","date_gmt":"2021-08-31T23:23:40","guid":{"rendered":"https:\/\/www.kabulluftbruecke.de\/pressekonferenz-01-09-2021\/"},"modified":"2022-08-06T13:36:21","modified_gmt":"2022-08-06T11:36:21","slug":"press-conference-on-01-09-2021","status":"publish","type":"post","link":"https:\/\/www.kabulluftbruecke.de\/en\/updates-en\/press-conference-on-01-09-2021\/","title":{"rendered":"Press conference on 01.09.2021"},"content":{"rendered":"<div class=\"fusion-fullwidth fullwidth-box fusion-builder-row-1 fusion-flex-container nonhundred-percent-fullwidth non-hundred-percent-height-scrolling\" style=\"--awb-border-radius-top-left:0px;--awb-border-radius-top-right:0px;--awb-border-radius-bottom-right:0px;--awb-border-radius-bottom-left:0px;--awb-flex-wrap:wrap;\" ><div class=\"fusion-builder-row fusion-row fusion-flex-align-items-flex-start fusion-flex-content-wrap\" style=\"max-width:1248px;margin-left: calc(-4% \/ 2 );margin-right: calc(-4% \/ 2 );\"><div class=\"fusion-layout-column fusion_builder_column fusion-builder-column-0 fusion_builder_column_1_1 1_1 fusion-flex-column fusion-flex-align-self-flex-start\" style=\"--awb-padding-right:10px;--awb-padding-left:10px;--awb-bg-size:cover;--awb-width-large:100%;--awb-margin-top-large:0px;--awb-spacing-right-large:1.92%;--awb-margin-bottom-large:0px;--awb-spacing-left-large:1.92%;--awb-width-medium:100%;--awb-order-medium:0;--awb-spacing-right-medium:1.92%;--awb-spacing-left-medium:1.92%;--awb-width-small:100%;--awb-order-small:0;--awb-spacing-right-small:1.92%;--awb-margin-bottom-small:35px;--awb-spacing-left-small:1.92%;\"><div class=\"fusion-column-wrapper fusion-column-has-shadow fusion-flex-justify-content-flex-start fusion-content-layout-column\"><div class=\"fusion-text fusion-text-1\" style=\"--awb-font-size:20px;--awb-line-height:32px;--awb-text-font-family:&quot;Lexend&quot;;--awb-text-font-style:normal;--awb-text-font-weight:300;\"><div class=\"wpb_text_column wpb_content_element \">\n<div class=\"wpb_wrapper\">\n<ul>\n<li><strong>Uhrzeit:<\/strong> 10:00 Uhr<\/li>\n<li><strong>Ort:<\/strong> Platz vor dem Bundesministerium des Innern, f\u00fcr Bau und Heimat (BMI), Alt-Moabit 140, 10557 Berlin<\/li>\n<li><strong>Teilnehmer:innen:<\/strong> Theresa Breuer, Mattea Weihe, Ruben Neugebauer<\/li>\n<\/ul>\n<p>Wir danken dem <a href=\"https:\/\/c3voc.de\" target=\"_blank\" rel=\"noopener\">CCC Video Operation Center (C3VOC)<\/a> &amp; <a href=\"https:\/\/www.facebook.com\/kameramensch.de\" target=\"_blank\" rel=\"noopener\">Kameramensch<\/a> und <a href=\"https:\/\/instagram.com\/mainstream_berlin\" target=\"_blank\" rel=\"noopener\">Mainstream Berlin<\/a> f\u00fcr die Unterst\u00fctzung.<\/p>\n<\/div>\n<\/div>\n<\/div><div class=\"fusion-video fusion-youtube\" style=\"--awb-max-width:600px;--awb-max-height:360px;\"><div class=\"video-shortcode\"><div class=\"fluid-width-video-wrapper\" style=\"padding-top:60%;\" ><iframe title=\"YouTube video player 1\" src=\"https:\/\/www.youtube.com\/embed\/i33bS1XYZiI?wmode=transparent&autoplay=0\" width=\"600\" height=\"360\" allowfullscreen allow=\"autoplay; clipboard-write; encrypted-media; gyroscope; picture-in-picture;\"><\/iframe><\/div><\/div><\/div><\/div><\/div><\/div><\/div>\n","protected":false},"excerpt":{"rendered":"<p>Participants: Theresa Breuer, Mattea Weihe, Ruben Neugebauer<\/p>\n","protected":false},"author":7,"featured_media":2050,"comment_status":"closed","ping_status":"closed","sticky":false,"template":"","format":"standard","meta":{"_jetpack_memberships_contains_paid_content":false,"footnotes":""},"categories":[44],"tags":[],"class_list":["post-1662","post","type-post","status-publish","format-standard","has-post-thumbnail","hentry","category-updates-en"],"yoast_head":"<!-- This site is optimized with the Yoast SEO plugin v27.5 - https:\/\/yoast.com\/product\/yoast-seo-wordpress\/ -->\n<title>Press conference on 01.09.2021 - Kabul Luftbr\u00fccke<\/title>\n<meta name=\"robots\" content=\"index, follow, max-snippet:-1, max-image-preview:large, max-video-preview:-1\" \/>\n<link rel=\"canonical\" href=\"https:\/\/www.kabulluftbruecke.de\/en\/updates-en\/press-conference-on-01-09-2021\/\" \/>\n<meta property=\"og:locale\" content=\"en_US\" \/>\n<meta property=\"og:type\" content=\"article\" \/>\n<meta property=\"og:title\" content=\"Press conference on 01.09.2021 - Kabul Luftbr\u00fccke\" \/>\n<meta property=\"og:description\" content=\"Participants: Theresa Breuer, Mattea Weihe, Ruben Neugebauer\" \/>\n<meta property=\"og:url\" content=\"https:\/\/www.kabulluftbruecke.de\/en\/updates-en\/press-conference-on-01-09-2021\/\" \/>\n<meta property=\"og:site_name\" content=\"Kabul Luftbr\u00fccke\" \/>\n<meta property=\"article:publisher\" content=\"https:\/\/www.facebook.com\/kabulluftbruecke\/\" \/>\n<meta property=\"article:published_time\" content=\"2021-08-31T23:23:40+00:00\" \/>\n<meta property=\"article:modified_time\" content=\"2022-08-06T11:36:21+00:00\" \/>\n<meta property=\"og:image\" content=\"https:\/\/www.kabulluftbruecke.de\/wp-content\/uploads\/KLB1-pressekonferenz.jpg\" \/>\n\t<meta property=\"og:image:width\" content=\"1024\" \/>\n\t<meta property=\"og:image:height\" content=\"514\" \/>\n\t<meta property=\"og:image:type\" content=\"image\/jpeg\" \/>\n<meta name=\"author\" content=\"Hakimi\" \/>\n<meta name=\"twitter:card\" content=\"summary_large_image\" \/>\n<meta name=\"twitter:creator\" content=\"@KabulLuftbrucke\" \/>\n<meta name=\"twitter:site\" content=\"@KabulLuftbrucke\" \/>\n<meta name=\"twitter:label1\" content=\"Written by\" \/>\n\t<meta name=\"twitter:data1\" content=\"Hakimi\" \/>\n\t<meta name=\"twitter:label2\" content=\"Est. reading time\" \/>\n\t<meta name=\"twitter:data2\" content=\"2 minutes\" \/>\n<script type=\"application\/ld+json\" class=\"yoast-schema-graph\">{\"@context\":\"https:\\\/\\\/schema.org\",\"@graph\":[{\"@type\":\"Article\",\"@id\":\"https:\\\/\\\/www.kabulluftbruecke.de\\\/en\\\/updates-en\\\/press-conference-on-01-09-2021\\\/#article\",\"isPartOf\":{\"@id\":\"https:\\\/\\\/www.kabulluftbruecke.de\\\/en\\\/updates-en\\\/press-conference-on-01-09-2021\\\/\"},\"author\":{\"name\":\"Hakimi\",\"@id\":\"https:\\\/\\\/www.kabulluftbruecke.de\\\/en\\\/#\\\/schema\\\/person\\\/916d2775427886faa62eb4f434e4e3a9\"},\"headline\":\"Press conference on 01.09.2021\",\"datePublished\":\"2021-08-31T23:23:40+00:00\",\"dateModified\":\"2022-08-06T11:36:21+00:00\",\"mainEntityOfPage\":{\"@id\":\"https:\\\/\\\/www.kabulluftbruecke.de\\\/en\\\/updates-en\\\/press-conference-on-01-09-2021\\\/\"},\"wordCount\":501,\"publisher\":{\"@id\":\"https:\\\/\\\/www.kabulluftbruecke.de\\\/en\\\/#organization\"},\"image\":{\"@id\":\"https:\\\/\\\/www.kabulluftbruecke.de\\\/en\\\/updates-en\\\/press-conference-on-01-09-2021\\\/#primaryimage\"},\"thumbnailUrl\":\"https:\\\/\\\/www.kabulluftbruecke.de\\\/wp-content\\\/uploads\\\/KLB1-pressekonferenz.jpg\",\"articleSection\":[\"Updates\"],\"inLanguage\":\"en-US\"},{\"@type\":\"WebPage\",\"@id\":\"https:\\\/\\\/www.kabulluftbruecke.de\\\/en\\\/updates-en\\\/press-conference-on-01-09-2021\\\/\",\"url\":\"https:\\\/\\\/www.kabulluftbruecke.de\\\/en\\\/updates-en\\\/press-conference-on-01-09-2021\\\/\",\"name\":\"Press conference on 01.09.2021 - Kabul Luftbr\u00fccke\",\"isPartOf\":{\"@id\":\"https:\\\/\\\/www.kabulluftbruecke.de\\\/en\\\/#website\"},\"primaryImageOfPage\":{\"@id\":\"https:\\\/\\\/www.kabulluftbruecke.de\\\/en\\\/updates-en\\\/press-conference-on-01-09-2021\\\/#primaryimage\"},\"image\":{\"@id\":\"https:\\\/\\\/www.kabulluftbruecke.de\\\/en\\\/updates-en\\\/press-conference-on-01-09-2021\\\/#primaryimage\"},\"thumbnailUrl\":\"https:\\\/\\\/www.kabulluftbruecke.de\\\/wp-content\\\/uploads\\\/KLB1-pressekonferenz.jpg\",\"datePublished\":\"2021-08-31T23:23:40+00:00\",\"dateModified\":\"2022-08-06T11:36:21+00:00\",\"breadcrumb\":{\"@id\":\"https:\\\/\\\/www.kabulluftbruecke.de\\\/en\\\/updates-en\\\/press-conference-on-01-09-2021\\\/#breadcrumb\"},\"inLanguage\":\"en-US\",\"potentialAction\":[{\"@type\":\"ReadAction\",\"target\":[\"https:\\\/\\\/www.kabulluftbruecke.de\\\/en\\\/updates-en\\\/press-conference-on-01-09-2021\\\/\"]}]},{\"@type\":\"ImageObject\",\"inLanguage\":\"en-US\",\"@id\":\"https:\\\/\\\/www.kabulluftbruecke.de\\\/en\\\/updates-en\\\/press-conference-on-01-09-2021\\\/#primaryimage\",\"url\":\"https:\\\/\\\/www.kabulluftbruecke.de\\\/wp-content\\\/uploads\\\/KLB1-pressekonferenz.jpg\",\"contentUrl\":\"https:\\\/\\\/www.kabulluftbruecke.de\\\/wp-content\\\/uploads\\\/KLB1-pressekonferenz.jpg\",\"width\":1024,\"height\":514},{\"@type\":\"BreadcrumbList\",\"@id\":\"https:\\\/\\\/www.kabulluftbruecke.de\\\/en\\\/updates-en\\\/press-conference-on-01-09-2021\\\/#breadcrumb\",\"itemListElement\":[{\"@type\":\"ListItem\",\"position\":1,\"name\":\"Startseite\",\"item\":\"https:\\\/\\\/www.kabulluftbruecke.de\\\/en\\\/\"},{\"@type\":\"ListItem\",\"position\":2,\"name\":\"Press conference on 01.09.2021\"}]},{\"@type\":\"WebSite\",\"@id\":\"https:\\\/\\\/www.kabulluftbruecke.de\\\/en\\\/#website\",\"url\":\"https:\\\/\\\/www.kabulluftbruecke.de\\\/en\\\/\",\"name\":\"Kabul Luftbr\u00fccke\",\"description\":\"Unterst\u00fctze und fordere die Rettung aller Gef\u00e4hrdeten aus Afghanistan\",\"publisher\":{\"@id\":\"https:\\\/\\\/www.kabulluftbruecke.de\\\/en\\\/#organization\"},\"potentialAction\":[{\"@type\":\"SearchAction\",\"target\":{\"@type\":\"EntryPoint\",\"urlTemplate\":\"https:\\\/\\\/www.kabulluftbruecke.de\\\/en\\\/?s={search_term_string}\"},\"query-input\":{\"@type\":\"PropertyValueSpecification\",\"valueRequired\":true,\"valueName\":\"search_term_string\"}}],\"inLanguage\":\"en-US\"},{\"@type\":\"Organization\",\"@id\":\"https:\\\/\\\/www.kabulluftbruecke.de\\\/en\\\/#organization\",\"name\":\"Kabul Luftbr\u00fccke\",\"url\":\"https:\\\/\\\/www.kabulluftbruecke.de\\\/en\\\/\",\"logo\":{\"@type\":\"ImageObject\",\"inLanguage\":\"en-US\",\"@id\":\"https:\\\/\\\/www.kabulluftbruecke.de\\\/en\\\/#\\\/schema\\\/logo\\\/image\\\/\",\"url\":\"https:\\\/\\\/www.kabulluftbruecke.de\\\/wp-content\\\/uploads\\\/Luftbruecke.png\",\"contentUrl\":\"https:\\\/\\\/www.kabulluftbruecke.de\\\/wp-content\\\/uploads\\\/Luftbruecke.png\",\"width\":709,\"height\":185,\"caption\":\"Kabul Luftbr\u00fccke\"},\"image\":{\"@id\":\"https:\\\/\\\/www.kabulluftbruecke.de\\\/en\\\/#\\\/schema\\\/logo\\\/image\\\/\"},\"sameAs\":[\"https:\\\/\\\/www.facebook.com\\\/kabulluftbruecke\\\/\",\"https:\\\/\\\/x.com\\\/KabulLuftbrucke\",\"https:\\\/\\\/www.instagram.com\\\/kabul_luftbruecke\\\/\"]},{\"@type\":\"Person\",\"@id\":\"https:\\\/\\\/www.kabulluftbruecke.de\\\/en\\\/#\\\/schema\\\/person\\\/916d2775427886faa62eb4f434e4e3a9\",\"name\":\"Hakimi\",\"url\":\"https:\\\/\\\/www.kabulluftbruecke.de\\\/en\\\/author\\\/hakimi\\\/\"}]}<\/script>\n<!-- \/ Yoast SEO plugin. -->","yoast_head_json":{"title":"Press conference on 01.09.2021 - Kabul Luftbr\u00fccke","robots":{"index":"index","follow":"follow","max-snippet":"max-snippet:-1","max-image-preview":"max-image-preview:large","max-video-preview":"max-video-preview:-1"},"canonical":"https:\/\/www.kabulluftbruecke.de\/en\/updates-en\/press-conference-on-01-09-2021\/","og_locale":"en_US","og_type":"article","og_title":"Press conference on 01.09.2021 - Kabul Luftbr\u00fccke","og_description":"Participants: Theresa Breuer, Mattea Weihe, Ruben Neugebauer","og_url":"https:\/\/www.kabulluftbruecke.de\/en\/updates-en\/press-conference-on-01-09-2021\/","og_site_name":"Kabul Luftbr\u00fccke","article_publisher":"https:\/\/www.facebook.com\/kabulluftbruecke\/","article_published_time":"2021-08-31T23:23:40+00:00","article_modified_time":"2022-08-06T11:36:21+00:00","og_image":[{"width":1024,"height":514,"url":"https:\/\/www.kabulluftbruecke.de\/wp-content\/uploads\/KLB1-pressekonferenz.jpg","type":"image\/jpeg"}],"author":"Hakimi","twitter_card":"summary_large_image","twitter_creator":"@KabulLuftbrucke","twitter_site":"@KabulLuftbrucke","twitter_misc":{"Written by":"Hakimi","Est. reading time":"2 minutes"},"schema":{"@context":"https:\/\/schema.org","@graph":[{"@type":"Article","@id":"https:\/\/www.kabulluftbruecke.de\/en\/updates-en\/press-conference-on-01-09-2021\/#article","isPartOf":{"@id":"https:\/\/www.kabulluftbruecke.de\/en\/updates-en\/press-conference-on-01-09-2021\/"},"author":{"name":"Hakimi","@id":"https:\/\/www.kabulluftbruecke.de\/en\/#\/schema\/person\/916d2775427886faa62eb4f434e4e3a9"},"headline":"Press conference on 01.09.2021","datePublished":"2021-08-31T23:23:40+00:00","dateModified":"2022-08-06T11:36:21+00:00","mainEntityOfPage":{"@id":"https:\/\/www.kabulluftbruecke.de\/en\/updates-en\/press-conference-on-01-09-2021\/"},"wordCount":501,"publisher":{"@id":"https:\/\/www.kabulluftbruecke.de\/en\/#organization"},"image":{"@id":"https:\/\/www.kabulluftbruecke.de\/en\/updates-en\/press-conference-on-01-09-2021\/#primaryimage"},"thumbnailUrl":"https:\/\/www.kabulluftbruecke.de\/wp-content\/uploads\/KLB1-pressekonferenz.jpg","articleSection":["Updates"],"inLanguage":"en-US"},{"@type":"WebPage","@id":"https:\/\/www.kabulluftbruecke.de\/en\/updates-en\/press-conference-on-01-09-2021\/","url":"https:\/\/www.kabulluftbruecke.de\/en\/updates-en\/press-conference-on-01-09-2021\/","name":"Press conference on 01.09.2021 - Kabul Luftbr\u00fccke","isPartOf":{"@id":"https:\/\/www.kabulluftbruecke.de\/en\/#website"},"primaryImageOfPage":{"@id":"https:\/\/www.kabulluftbruecke.de\/en\/updates-en\/press-conference-on-01-09-2021\/#primaryimage"},"image":{"@id":"https:\/\/www.kabulluftbruecke.de\/en\/updates-en\/press-conference-on-01-09-2021\/#primaryimage"},"thumbnailUrl":"https:\/\/www.kabulluftbruecke.de\/wp-content\/uploads\/KLB1-pressekonferenz.jpg","datePublished":"2021-08-31T23:23:40+00:00","dateModified":"2022-08-06T11:36:21+00:00","breadcrumb":{"@id":"https:\/\/www.kabulluftbruecke.de\/en\/updates-en\/press-conference-on-01-09-2021\/#breadcrumb"},"inLanguage":"en-US","potentialAction":[{"@type":"ReadAction","target":["https:\/\/www.kabulluftbruecke.de\/en\/updates-en\/press-conference-on-01-09-2021\/"]}]},{"@type":"ImageObject","inLanguage":"en-US","@id":"https:\/\/www.kabulluftbruecke.de\/en\/updates-en\/press-conference-on-01-09-2021\/#primaryimage","url":"https:\/\/www.kabulluftbruecke.de\/wp-content\/uploads\/KLB1-pressekonferenz.jpg","contentUrl":"https:\/\/www.kabulluftbruecke.de\/wp-content\/uploads\/KLB1-pressekonferenz.jpg","width":1024,"height":514},{"@type":"BreadcrumbList","@id":"https:\/\/www.kabulluftbruecke.de\/en\/updates-en\/press-conference-on-01-09-2021\/#breadcrumb","itemListElement":[{"@type":"ListItem","position":1,"name":"Startseite","item":"https:\/\/www.kabulluftbruecke.de\/en\/"},{"@type":"ListItem","position":2,"name":"Press conference on 01.09.2021"}]},{"@type":"WebSite","@id":"https:\/\/www.kabulluftbruecke.de\/en\/#website","url":"https:\/\/www.kabulluftbruecke.de\/en\/","name":"Kabul Luftbr\u00fccke","description":"Unterst\u00fctze und fordere die Rettung aller Gef\u00e4hrdeten aus Afghanistan","publisher":{"@id":"https:\/\/www.kabulluftbruecke.de\/en\/#organization"},"potentialAction":[{"@type":"SearchAction","target":{"@type":"EntryPoint","urlTemplate":"https:\/\/www.kabulluftbruecke.de\/en\/?s={search_term_string}"},"query-input":{"@type":"PropertyValueSpecification","valueRequired":true,"valueName":"search_term_string"}}],"inLanguage":"en-US"},{"@type":"Organization","@id":"https:\/\/www.kabulluftbruecke.de\/en\/#organization","name":"Kabul Luftbr\u00fccke","url":"https:\/\/www.kabulluftbruecke.de\/en\/","logo":{"@type":"ImageObject","inLanguage":"en-US","@id":"https:\/\/www.kabulluftbruecke.de\/en\/#\/schema\/logo\/image\/","url":"https:\/\/www.kabulluftbruecke.de\/wp-content\/uploads\/Luftbruecke.png","contentUrl":"https:\/\/www.kabulluftbruecke.de\/wp-content\/uploads\/Luftbruecke.png","width":709,"height":185,"caption":"Kabul Luftbr\u00fccke"},"image":{"@id":"https:\/\/www.kabulluftbruecke.de\/en\/#\/schema\/logo\/image\/"},"sameAs":["https:\/\/www.facebook.com\/kabulluftbruecke\/","https:\/\/x.com\/KabulLuftbrucke","https:\/\/www.instagram.com\/kabul_luftbruecke\/"]},{"@type":"Person","@id":"https:\/\/www.kabulluftbruecke.de\/en\/#\/schema\/person\/916d2775427886faa62eb4f434e4e3a9","name":"Hakimi","url":"https:\/\/www.kabulluftbruecke.de\/en\/author\/hakimi\/"}]}},"jetpack_featured_media_url":"https:\/\/www.kabulluftbruecke.de\/wp-content\/uploads\/KLB1-pressekonferenz.jpg","jetpack_sharing_enabled":true,"_links":{"self":[{"href":"https:\/\/www.kabulluftbruecke.de\/en\/wp-json\/wp\/v2\/posts\/1662","targetHints":{"allow":["GET"]}}],"collection":[{"href":"https:\/\/www.kabulluftbruecke.de\/en\/wp-json\/wp\/v2\/posts"}],"about":[{"href":"https:\/\/www.kabulluftbruecke.de\/en\/wp-json\/wp\/v2\/types\/post"}],"author":[{"embeddable":true,"href":"https:\/\/www.kabulluftbruecke.de\/en\/wp-json\/wp\/v2\/users\/7"}],"replies":[{"embeddable":true,"href":"https:\/\/www.kabulluftbruecke.de\/en\/wp-json\/wp\/v2\/comments?post=1662"}],"version-history":[{"count":0,"href":"https:\/\/www.kabulluftbruecke.de\/en\/wp-json\/wp\/v2\/posts\/1662\/revisions"}],"wp:featuredmedia":[{"embeddable":true,"href":"https:\/\/www.kabulluftbruecke.de\/en\/wp-json\/wp\/v2\/media\/2050"}],"wp:attachment":[{"href":"https:\/\/www.kabulluftbruecke.de\/en\/wp-json\/wp\/v2\/media?parent=1662"}],"wp:term":[{"taxonomy":"category","embeddable":true,"href":"https:\/\/www.kabulluftbruecke.de\/en\/wp-json\/wp\/v2\/categories?post=1662"},{"taxonomy":"post_tag","embeddable":true,"href":"https:\/\/www.kabulluftbruecke.de\/en\/wp-json\/wp\/v2\/tags?post=1662"}],"curies":[{"name":"wp","href":"https:\/\/api.w.org\/{rel}","templated":true}]}}