{"id":1664,"date":"2021-10-13T01:19:44","date_gmt":"2021-10-12T23:19:44","guid":{"rendered":"https:\/\/www.kabulluftbruecke.de\/long-time-no-see\/"},"modified":"2022-08-06T13:31:15","modified_gmt":"2022-08-06T11:31:15","slug":"long-time-no-see","status":"publish","type":"post","link":"https:\/\/www.kabulluftbruecke.de\/en\/updates-en\/long-time-no-see\/","title":{"rendered":"Long time, no see?"},"content":{"rendered":"<div class=\"fusion-fullwidth fullwidth-box fusion-builder-row-1 fusion-flex-container nonhundred-percent-fullwidth non-hundred-percent-height-scrolling\" style=\"--awb-border-radius-top-left:0px;--awb-border-radius-top-right:0px;--awb-border-radius-bottom-right:0px;--awb-border-radius-bottom-left:0px;--awb-flex-wrap:wrap;\" ><div class=\"fusion-builder-row fusion-row fusion-flex-align-items-flex-start fusion-flex-content-wrap\" style=\"max-width:1248px;margin-left: calc(-4% \/ 2 );margin-right: calc(-4% \/ 2 );\"><div class=\"fusion-layout-column fusion_builder_column fusion-builder-column-0 fusion_builder_column_1_1 1_1 fusion-flex-column fusion-flex-align-self-flex-start\" style=\"--awb-padding-right:10px;--awb-padding-left:10px;--awb-bg-size:cover;--awb-width-large:100%;--awb-margin-top-large:0px;--awb-spacing-right-large:1.92%;--awb-margin-bottom-large:0px;--awb-spacing-left-large:1.92%;--awb-width-medium:100%;--awb-order-medium:0;--awb-spacing-right-medium:1.92%;--awb-spacing-left-medium:1.92%;--awb-width-small:100%;--awb-order-small:0;--awb-spacing-right-small:1.92%;--awb-margin-bottom-small:35px;--awb-spacing-left-small:1.92%;\"><div class=\"fusion-column-wrapper fusion-column-has-shadow fusion-flex-justify-content-flex-start fusion-content-layout-column\"><div class=\"fusion-text fusion-text-1\" style=\"--awb-font-size:20px;--awb-line-height:32px;--awb-text-font-family:&quot;Lexend&quot;;--awb-text-font-style:normal;--awb-text-font-weight:300;\"><div class=\"wpb_wrapper\">\n<div class=\"wpb_text_column wpb_content_element \">\n<div class=\"wpb_wrapper\">\n<p><strong>Ihr habt lange nichts mehr von uns geh\u00f6rt, was aber nicht bedeutet, dass wir nicht weiter evakuieren. Im Gegenteil: W\u00e4hrend die Bundesregierung einen \u201cZapfenstreich\u201d veranstaltet und einen Schlusstrich hinter den Afghanistan Einsatz setzen m\u00f6chte, konnten wir alleine letzte Woche auf zwei Fl\u00fcgen mit der Afghanischen KamAir, gef\u00e4hrdete Personden evakuieren, darunter 9 Kinder.\u00a0<\/strong><\/p>\n<p>Wir k\u00f6nnen aus Sicherheitsgr\u00fcnden teils erst nach Abschluss der Evakuierungsma\u00dfnahmen berichten, aber mit Hilfe einiger Menschen, die wir teils selbst erst vor kurzem aus Afghanistan evakuiert haben, konnten wir mittlerweile mehrere M\u00f6glichkeiten etablieren, gef\u00e4hrdete Menschen zu evakuieren.<br \/>\nUm weiter machen zu k\u00f6nnen, brauchen wir deshalb jetzt Eure Unterst\u00fctzung: Spendet, wenn ihr k\u00f6nnt und werdet unsere Verb\u00fcndeten.<\/p>\n<p>Letzte Woche war der Beginn des Afghanistan-Krieges genau 20 Jahre her, das Zeugnis einer imperialistischen Politik, die einen Scherbenhaufen hinterlassen hat.<br \/>\nHeute\u00a0 soll nun der \u201cgro\u00dfe Zapfenstreich\u201d stattfinden, eine Veranstaltung bei der die Bundeswehr f\u00fcr ihren Einsatz im Afghanistan-Krieg \u201egeehrt\u201c werden soll: Ein Einsatz, der auf dem R\u00fccken der Bev\u00f6lkerung eines Landes ausgetragen wurde, das nach dem 20-j\u00e4hrigen milit\u00e4rischen Einsatz mehr als je zuvor vor einer humanit\u00e4ren Krise steht.<\/p>\n<p>Wir d\u00fcrfen nicht Zulassen dass die Bundesregierung einen Schlussstrich zieht und die Menschen in Afghanistan zur\u00fcck l\u00e4sst. Die Regierung muss sich ihrer Verantwortung stellen, wir k\u00f6nnen dem Versagen jedoch nicht tatenlos zusehen. Afghanistan steht nicht mehr in den Schlagzeilen, aber wir d\u00fcrfen nicht zulassen, dass die \u00d6ffentlichkeit wegschaut.<\/p>\n<p>Wir evakuieren weiter Menschen: In den letzten Wochen konnten wir unterschiedliche Wege der Evakuierung \u00fcber Luft und Land ausbauen und mit euren Spende Stand heute bereits 423 Menschen bei der Flucht unterst\u00fctzen.<\/p>\n<p><strong>Das ist ein Anfang, denn tausende weitere Menschen sind weiterhin in Gefahr und werden von der deutschen Regierung, teils sogar trotz Evakuierungszusage, zur\u00fcckgelassen.<\/strong><\/p>\n<\/div>\n<\/div>\n<\/div>\n<\/div><\/div><\/div><\/div><\/div>\n","protected":false},"excerpt":{"rendered":"<p>We continue to evacuate people: In recent weeks, we have been able to expand different ways of evacuating people by air and land, and your donations have already helped 423 people to flee.<\/p>\n","protected":false},"author":7,"featured_media":2043,"comment_status":"closed","ping_status":"closed","sticky":false,"template":"","format":"standard","meta":{"_jetpack_memberships_contains_paid_content":false,"footnotes":""},"categories":[44],"tags":[],"class_list":["post-1664","post","type-post","status-publish","format-standard","has-post-thumbnail","hentry","category-updates-en"],"yoast_head":"<!-- This site is optimized with the Yoast SEO plugin v27.5 - https:\/\/yoast.com\/product\/yoast-seo-wordpress\/ -->\n<title>Long time, no see? - Kabul Luftbr\u00fccke<\/title>\n<meta name=\"robots\" content=\"index, follow, max-snippet:-1, max-image-preview:large, max-video-preview:-1\" \/>\n<link rel=\"canonical\" href=\"https:\/\/www.kabulluftbruecke.de\/en\/updates-en\/long-time-no-see\/\" \/>\n<meta property=\"og:locale\" content=\"en_US\" \/>\n<meta property=\"og:type\" content=\"article\" \/>\n<meta property=\"og:title\" content=\"Long time, no see? - Kabul Luftbr\u00fccke\" \/>\n<meta property=\"og:description\" content=\"We continue to evacuate people: In recent weeks, we have been able to expand different ways of evacuating people by air and land, and your donations have already helped 423 people to flee.\" \/>\n<meta property=\"og:url\" content=\"https:\/\/www.kabulluftbruecke.de\/en\/updates-en\/long-time-no-see\/\" \/>\n<meta property=\"og:site_name\" content=\"Kabul Luftbr\u00fccke\" \/>\n<meta property=\"article:publisher\" content=\"https:\/\/www.facebook.com\/kabulluftbruecke\/\" \/>\n<meta property=\"article:published_time\" content=\"2021-10-12T23:19:44+00:00\" \/>\n<meta property=\"article:modified_time\" content=\"2022-08-06T11:31:15+00:00\" \/>\n<meta property=\"og:image\" content=\"https:\/\/www.kabulluftbruecke.de\/wp-content\/uploads\/KLB1-neutral.jpg\" \/>\n\t<meta property=\"og:image:width\" content=\"1024\" \/>\n\t<meta property=\"og:image:height\" content=\"512\" \/>\n\t<meta property=\"og:image:type\" content=\"image\/jpeg\" \/>\n<meta name=\"author\" content=\"Hakimi\" \/>\n<meta name=\"twitter:card\" content=\"summary_large_image\" \/>\n<meta name=\"twitter:creator\" content=\"@KabulLuftbrucke\" \/>\n<meta name=\"twitter:site\" content=\"@KabulLuftbrucke\" \/>\n<meta name=\"twitter:label1\" content=\"Written by\" \/>\n\t<meta name=\"twitter:data1\" content=\"Hakimi\" \/>\n\t<meta name=\"twitter:label2\" content=\"Est. reading time\" \/>\n\t<meta name=\"twitter:data2\" content=\"3 minutes\" \/>\n<script type=\"application\/ld+json\" class=\"yoast-schema-graph\">{\"@context\":\"https:\\\/\\\/schema.org\",\"@graph\":[{\"@type\":\"Article\",\"@id\":\"https:\\\/\\\/www.kabulluftbruecke.de\\\/en\\\/updates-en\\\/long-time-no-see\\\/#article\",\"isPartOf\":{\"@id\":\"https:\\\/\\\/www.kabulluftbruecke.de\\\/en\\\/updates-en\\\/long-time-no-see\\\/\"},\"author\":{\"name\":\"Hakimi\",\"@id\":\"https:\\\/\\\/www.kabulluftbruecke.de\\\/en\\\/#\\\/schema\\\/person\\\/916d2775427886faa62eb4f434e4e3a9\"},\"headline\":\"Long time, no see?\",\"datePublished\":\"2021-10-12T23:19:44+00:00\",\"dateModified\":\"2022-08-06T11:31:15+00:00\",\"mainEntityOfPage\":{\"@id\":\"https:\\\/\\\/www.kabulluftbruecke.de\\\/en\\\/updates-en\\\/long-time-no-see\\\/\"},\"wordCount\":731,\"publisher\":{\"@id\":\"https:\\\/\\\/www.kabulluftbruecke.de\\\/en\\\/#organization\"},\"image\":{\"@id\":\"https:\\\/\\\/www.kabulluftbruecke.de\\\/en\\\/updates-en\\\/long-time-no-see\\\/#primaryimage\"},\"thumbnailUrl\":\"https:\\\/\\\/www.kabulluftbruecke.de\\\/wp-content\\\/uploads\\\/KLB1-neutral.jpg\",\"articleSection\":[\"Updates\"],\"inLanguage\":\"en-US\"},{\"@type\":\"WebPage\",\"@id\":\"https:\\\/\\\/www.kabulluftbruecke.de\\\/en\\\/updates-en\\\/long-time-no-see\\\/\",\"url\":\"https:\\\/\\\/www.kabulluftbruecke.de\\\/en\\\/updates-en\\\/long-time-no-see\\\/\",\"name\":\"Long time, no see? - Kabul Luftbr\u00fccke\",\"isPartOf\":{\"@id\":\"https:\\\/\\\/www.kabulluftbruecke.de\\\/en\\\/#website\"},\"primaryImageOfPage\":{\"@id\":\"https:\\\/\\\/www.kabulluftbruecke.de\\\/en\\\/updates-en\\\/long-time-no-see\\\/#primaryimage\"},\"image\":{\"@id\":\"https:\\\/\\\/www.kabulluftbruecke.de\\\/en\\\/updates-en\\\/long-time-no-see\\\/#primaryimage\"},\"thumbnailUrl\":\"https:\\\/\\\/www.kabulluftbruecke.de\\\/wp-content\\\/uploads\\\/KLB1-neutral.jpg\",\"datePublished\":\"2021-10-12T23:19:44+00:00\",\"dateModified\":\"2022-08-06T11:31:15+00:00\",\"breadcrumb\":{\"@id\":\"https:\\\/\\\/www.kabulluftbruecke.de\\\/en\\\/updates-en\\\/long-time-no-see\\\/#breadcrumb\"},\"inLanguage\":\"en-US\",\"potentialAction\":[{\"@type\":\"ReadAction\",\"target\":[\"https:\\\/\\\/www.kabulluftbruecke.de\\\/en\\\/updates-en\\\/long-time-no-see\\\/\"]}]},{\"@type\":\"ImageObject\",\"inLanguage\":\"en-US\",\"@id\":\"https:\\\/\\\/www.kabulluftbruecke.de\\\/en\\\/updates-en\\\/long-time-no-see\\\/#primaryimage\",\"url\":\"https:\\\/\\\/www.kabulluftbruecke.de\\\/wp-content\\\/uploads\\\/KLB1-neutral.jpg\",\"contentUrl\":\"https:\\\/\\\/www.kabulluftbruecke.de\\\/wp-content\\\/uploads\\\/KLB1-neutral.jpg\",\"width\":1024,\"height\":512},{\"@type\":\"BreadcrumbList\",\"@id\":\"https:\\\/\\\/www.kabulluftbruecke.de\\\/en\\\/updates-en\\\/long-time-no-see\\\/#breadcrumb\",\"itemListElement\":[{\"@type\":\"ListItem\",\"position\":1,\"name\":\"Startseite\",\"item\":\"https:\\\/\\\/www.kabulluftbruecke.de\\\/en\\\/\"},{\"@type\":\"ListItem\",\"position\":2,\"name\":\"Long time, no see?\"}]},{\"@type\":\"WebSite\",\"@id\":\"https:\\\/\\\/www.kabulluftbruecke.de\\\/en\\\/#website\",\"url\":\"https:\\\/\\\/www.kabulluftbruecke.de\\\/en\\\/\",\"name\":\"Kabul Luftbr\u00fccke\",\"description\":\"Unterst\u00fctze und fordere die Rettung aller Gef\u00e4hrdeten aus Afghanistan\",\"publisher\":{\"@id\":\"https:\\\/\\\/www.kabulluftbruecke.de\\\/en\\\/#organization\"},\"potentialAction\":[{\"@type\":\"SearchAction\",\"target\":{\"@type\":\"EntryPoint\",\"urlTemplate\":\"https:\\\/\\\/www.kabulluftbruecke.de\\\/en\\\/?s={search_term_string}\"},\"query-input\":{\"@type\":\"PropertyValueSpecification\",\"valueRequired\":true,\"valueName\":\"search_term_string\"}}],\"inLanguage\":\"en-US\"},{\"@type\":\"Organization\",\"@id\":\"https:\\\/\\\/www.kabulluftbruecke.de\\\/en\\\/#organization\",\"name\":\"Kabul Luftbr\u00fccke\",\"url\":\"https:\\\/\\\/www.kabulluftbruecke.de\\\/en\\\/\",\"logo\":{\"@type\":\"ImageObject\",\"inLanguage\":\"en-US\",\"@id\":\"https:\\\/\\\/www.kabulluftbruecke.de\\\/en\\\/#\\\/schema\\\/logo\\\/image\\\/\",\"url\":\"https:\\\/\\\/www.kabulluftbruecke.de\\\/wp-content\\\/uploads\\\/Luftbruecke.png\",\"contentUrl\":\"https:\\\/\\\/www.kabulluftbruecke.de\\\/wp-content\\\/uploads\\\/Luftbruecke.png\",\"width\":709,\"height\":185,\"caption\":\"Kabul Luftbr\u00fccke\"},\"image\":{\"@id\":\"https:\\\/\\\/www.kabulluftbruecke.de\\\/en\\\/#\\\/schema\\\/logo\\\/image\\\/\"},\"sameAs\":[\"https:\\\/\\\/www.facebook.com\\\/kabulluftbruecke\\\/\",\"https:\\\/\\\/x.com\\\/KabulLuftbrucke\",\"https:\\\/\\\/www.instagram.com\\\/kabul_luftbruecke\\\/\"]},{\"@type\":\"Person\",\"@id\":\"https:\\\/\\\/www.kabulluftbruecke.de\\\/en\\\/#\\\/schema\\\/person\\\/916d2775427886faa62eb4f434e4e3a9\",\"name\":\"Hakimi\",\"url\":\"https:\\\/\\\/www.kabulluftbruecke.de\\\/en\\\/author\\\/hakimi\\\/\"}]}<\/script>\n<!-- \/ Yoast SEO plugin. -->","yoast_head_json":{"title":"Long time, no see? - Kabul Luftbr\u00fccke","robots":{"index":"index","follow":"follow","max-snippet":"max-snippet:-1","max-image-preview":"max-image-preview:large","max-video-preview":"max-video-preview:-1"},"canonical":"https:\/\/www.kabulluftbruecke.de\/en\/updates-en\/long-time-no-see\/","og_locale":"en_US","og_type":"article","og_title":"Long time, no see? - Kabul Luftbr\u00fccke","og_description":"We continue to evacuate people: In recent weeks, we have been able to expand different ways of evacuating people by air and land, and your donations have already helped 423 people to flee.","og_url":"https:\/\/www.kabulluftbruecke.de\/en\/updates-en\/long-time-no-see\/","og_site_name":"Kabul Luftbr\u00fccke","article_publisher":"https:\/\/www.facebook.com\/kabulluftbruecke\/","article_published_time":"2021-10-12T23:19:44+00:00","article_modified_time":"2022-08-06T11:31:15+00:00","og_image":[{"width":1024,"height":512,"url":"https:\/\/www.kabulluftbruecke.de\/wp-content\/uploads\/KLB1-neutral.jpg","type":"image\/jpeg"}],"author":"Hakimi","twitter_card":"summary_large_image","twitter_creator":"@KabulLuftbrucke","twitter_site":"@KabulLuftbrucke","twitter_misc":{"Written by":"Hakimi","Est. reading time":"3 minutes"},"schema":{"@context":"https:\/\/schema.org","@graph":[{"@type":"Article","@id":"https:\/\/www.kabulluftbruecke.de\/en\/updates-en\/long-time-no-see\/#article","isPartOf":{"@id":"https:\/\/www.kabulluftbruecke.de\/en\/updates-en\/long-time-no-see\/"},"author":{"name":"Hakimi","@id":"https:\/\/www.kabulluftbruecke.de\/en\/#\/schema\/person\/916d2775427886faa62eb4f434e4e3a9"},"headline":"Long time, no see?","datePublished":"2021-10-12T23:19:44+00:00","dateModified":"2022-08-06T11:31:15+00:00","mainEntityOfPage":{"@id":"https:\/\/www.kabulluftbruecke.de\/en\/updates-en\/long-time-no-see\/"},"wordCount":731,"publisher":{"@id":"https:\/\/www.kabulluftbruecke.de\/en\/#organization"},"image":{"@id":"https:\/\/www.kabulluftbruecke.de\/en\/updates-en\/long-time-no-see\/#primaryimage"},"thumbnailUrl":"https:\/\/www.kabulluftbruecke.de\/wp-content\/uploads\/KLB1-neutral.jpg","articleSection":["Updates"],"inLanguage":"en-US"},{"@type":"WebPage","@id":"https:\/\/www.kabulluftbruecke.de\/en\/updates-en\/long-time-no-see\/","url":"https:\/\/www.kabulluftbruecke.de\/en\/updates-en\/long-time-no-see\/","name":"Long time, no see? - Kabul Luftbr\u00fccke","isPartOf":{"@id":"https:\/\/www.kabulluftbruecke.de\/en\/#website"},"primaryImageOfPage":{"@id":"https:\/\/www.kabulluftbruecke.de\/en\/updates-en\/long-time-no-see\/#primaryimage"},"image":{"@id":"https:\/\/www.kabulluftbruecke.de\/en\/updates-en\/long-time-no-see\/#primaryimage"},"thumbnailUrl":"https:\/\/www.kabulluftbruecke.de\/wp-content\/uploads\/KLB1-neutral.jpg","datePublished":"2021-10-12T23:19:44+00:00","dateModified":"2022-08-06T11:31:15+00:00","breadcrumb":{"@id":"https:\/\/www.kabulluftbruecke.de\/en\/updates-en\/long-time-no-see\/#breadcrumb"},"inLanguage":"en-US","potentialAction":[{"@type":"ReadAction","target":["https:\/\/www.kabulluftbruecke.de\/en\/updates-en\/long-time-no-see\/"]}]},{"@type":"ImageObject","inLanguage":"en-US","@id":"https:\/\/www.kabulluftbruecke.de\/en\/updates-en\/long-time-no-see\/#primaryimage","url":"https:\/\/www.kabulluftbruecke.de\/wp-content\/uploads\/KLB1-neutral.jpg","contentUrl":"https:\/\/www.kabulluftbruecke.de\/wp-content\/uploads\/KLB1-neutral.jpg","width":1024,"height":512},{"@type":"BreadcrumbList","@id":"https:\/\/www.kabulluftbruecke.de\/en\/updates-en\/long-time-no-see\/#breadcrumb","itemListElement":[{"@type":"ListItem","position":1,"name":"Startseite","item":"https:\/\/www.kabulluftbruecke.de\/en\/"},{"@type":"ListItem","position":2,"name":"Long time, no see?"}]},{"@type":"WebSite","@id":"https:\/\/www.kabulluftbruecke.de\/en\/#website","url":"https:\/\/www.kabulluftbruecke.de\/en\/","name":"Kabul Luftbr\u00fccke","description":"Unterst\u00fctze und fordere die Rettung aller Gef\u00e4hrdeten aus Afghanistan","publisher":{"@id":"https:\/\/www.kabulluftbruecke.de\/en\/#organization"},"potentialAction":[{"@type":"SearchAction","target":{"@type":"EntryPoint","urlTemplate":"https:\/\/www.kabulluftbruecke.de\/en\/?s={search_term_string}"},"query-input":{"@type":"PropertyValueSpecification","valueRequired":true,"valueName":"search_term_string"}}],"inLanguage":"en-US"},{"@type":"Organization","@id":"https:\/\/www.kabulluftbruecke.de\/en\/#organization","name":"Kabul Luftbr\u00fccke","url":"https:\/\/www.kabulluftbruecke.de\/en\/","logo":{"@type":"ImageObject","inLanguage":"en-US","@id":"https:\/\/www.kabulluftbruecke.de\/en\/#\/schema\/logo\/image\/","url":"https:\/\/www.kabulluftbruecke.de\/wp-content\/uploads\/Luftbruecke.png","contentUrl":"https:\/\/www.kabulluftbruecke.de\/wp-content\/uploads\/Luftbruecke.png","width":709,"height":185,"caption":"Kabul Luftbr\u00fccke"},"image":{"@id":"https:\/\/www.kabulluftbruecke.de\/en\/#\/schema\/logo\/image\/"},"sameAs":["https:\/\/www.facebook.com\/kabulluftbruecke\/","https:\/\/x.com\/KabulLuftbrucke","https:\/\/www.instagram.com\/kabul_luftbruecke\/"]},{"@type":"Person","@id":"https:\/\/www.kabulluftbruecke.de\/en\/#\/schema\/person\/916d2775427886faa62eb4f434e4e3a9","name":"Hakimi","url":"https:\/\/www.kabulluftbruecke.de\/en\/author\/hakimi\/"}]}},"jetpack_featured_media_url":"https:\/\/www.kabulluftbruecke.de\/wp-content\/uploads\/KLB1-neutral.jpg","jetpack_sharing_enabled":true,"_links":{"self":[{"href":"https:\/\/www.kabulluftbruecke.de\/en\/wp-json\/wp\/v2\/posts\/1664","targetHints":{"allow":["GET"]}}],"collection":[{"href":"https:\/\/www.kabulluftbruecke.de\/en\/wp-json\/wp\/v2\/posts"}],"about":[{"href":"https:\/\/www.kabulluftbruecke.de\/en\/wp-json\/wp\/v2\/types\/post"}],"author":[{"embeddable":true,"href":"https:\/\/www.kabulluftbruecke.de\/en\/wp-json\/wp\/v2\/users\/7"}],"replies":[{"embeddable":true,"href":"https:\/\/www.kabulluftbruecke.de\/en\/wp-json\/wp\/v2\/comments?post=1664"}],"version-history":[{"count":0,"href":"https:\/\/www.kabulluftbruecke.de\/en\/wp-json\/wp\/v2\/posts\/1664\/revisions"}],"wp:featuredmedia":[{"embeddable":true,"href":"https:\/\/www.kabulluftbruecke.de\/en\/wp-json\/wp\/v2\/media\/2043"}],"wp:attachment":[{"href":"https:\/\/www.kabulluftbruecke.de\/en\/wp-json\/wp\/v2\/media?parent=1664"}],"wp:term":[{"taxonomy":"category","embeddable":true,"href":"https:\/\/www.kabulluftbruecke.de\/en\/wp-json\/wp\/v2\/categories?post=1664"},{"taxonomy":"post_tag","embeddable":true,"href":"https:\/\/www.kabulluftbruecke.de\/en\/wp-json\/wp\/v2\/tags?post=1664"}],"curies":[{"name":"wp","href":"https:\/\/api.w.org\/{rel}","templated":true}]}}