{"id":1666,"date":"2021-11-13T01:07:55","date_gmt":"2021-11-13T00:07:55","guid":{"rendered":"https:\/\/www.kabulluftbruecke.de\/charterflug-der-kabul-luftbruecke\/"},"modified":"2022-08-06T13:25:08","modified_gmt":"2022-08-06T11:25:08","slug":"kabul-luftbruecke-charter-flight","status":"publish","type":"post","link":"https:\/\/www.kabulluftbruecke.de\/en\/updates-en\/kabul-luftbruecke-charter-flight\/","title":{"rendered":"Kabul Luftbr\u00fccke Charter Flight"},"content":{"rendered":"<div class=\"fusion-fullwidth fullwidth-box fusion-builder-row-1 fusion-flex-container nonhundred-percent-fullwidth non-hundred-percent-height-scrolling\" style=\"--awb-border-radius-top-left:0px;--awb-border-radius-top-right:0px;--awb-border-radius-bottom-right:0px;--awb-border-radius-bottom-left:0px;--awb-flex-wrap:wrap;\" ><div class=\"fusion-builder-row fusion-row fusion-flex-align-items-flex-start fusion-flex-content-wrap\" style=\"max-width:1248px;margin-left: calc(-4% \/ 2 );margin-right: calc(-4% \/ 2 );\"><div class=\"fusion-layout-column fusion_builder_column fusion-builder-column-0 fusion_builder_column_1_1 1_1 fusion-flex-column fusion-flex-align-self-flex-start\" style=\"--awb-padding-right:10px;--awb-padding-left:10px;--awb-bg-size:cover;--awb-width-large:100%;--awb-margin-top-large:0px;--awb-spacing-right-large:1.92%;--awb-margin-bottom-large:0px;--awb-spacing-left-large:1.92%;--awb-width-medium:100%;--awb-order-medium:0;--awb-spacing-right-medium:1.92%;--awb-spacing-left-medium:1.92%;--awb-width-small:100%;--awb-order-small:0;--awb-spacing-right-small:1.92%;--awb-margin-bottom-small:35px;--awb-spacing-left-small:1.92%;\"><div class=\"fusion-column-wrapper fusion-column-has-shadow fusion-flex-justify-content-flex-start fusion-content-layout-column\"><div class=\"fusion-text fusion-text-1\" style=\"--awb-font-size:20px;--awb-line-height:32px;--awb-text-font-family:&quot;Lexend&quot;;--awb-text-font-style:normal;--awb-text-font-weight:300;\"><div class=\"wpb_wrapper\">\n<div class=\"wpb_text_column wpb_content_element \">\n<div class=\"wpb_wrapper\">\n<p>Heute morgen haben wir mit einem spendenfinanzierten Charterflug 148 Personen aus Afghanistan evakuiert, unter ihnen zwei der afghanischen Fluglotsen, die zuvor f\u00fcr die Bundeswehr gearbeitet hatten.<\/p>\n<p>Die zehn afghanischen Fluglotsen hatten zuletzt f\u00fcr Aufmerksamkeit gesorgt, weil sie von der Bundesregierung zur\u00fcckgelassen wurden. Durch die Unterst\u00fctzung von <i>Mission Lifeline,<\/i> ohne die wohl noch keiner der Fluglotsen ein Visum erhalten h\u00e4tte, konnten die ersten beiden in Kooperation mit <i>Kabulluftbruecke <\/i>evakuiert werden. Die anderen sitzen wegen operativer Verz\u00f6gerungen und fehlendem politischen Willen der deutschen Beh\u00f6rden nach wie vor in Afghanistan fest. Einer der Fluglotsen verklagt nun die Bundesregierung.<\/p>\n<p>Dies war bereits unser zweiter Charterflug seit Ende der Luftbr\u00fccke der Bundesregierung.<\/p>\n<\/div>\n<\/div>\n<\/div>\n<\/div><div class=\"fusion-video fusion-selfhosted-video\" style=\"max-width:100%;\"><div class=\"video-wrapper\"><video playsinline=\"true\" width=\"100%\" style=\"object-fit: cover;\" autoplay=\"true\" muted=\"true\" loop=\"true\" preload=\"auto\" controls=\"1\"><source src=\"https:\/\/www.kabulluftbruecke.de\/wp-content\/uploads\/2021-12-03-Evakuierungsflug-Pressekonferenz-final.mp4\" type=\"video\/mp4\">Sorry, your browser doesn&#039;t support embedded videos.<\/video><\/div><\/div><\/div><\/div><\/div><\/div>\n","protected":false},"excerpt":{"rendered":"<p>This morning we evacuated 148 people from Afghanistan on a donor-funded charter flight, including two of the Afghan air traffic controllers who had previously worked for the Bundeswehr. <\/p>\n","protected":false},"author":7,"featured_media":2036,"comment_status":"closed","ping_status":"closed","sticky":false,"template":"","format":"standard","meta":{"_jetpack_memberships_contains_paid_content":false,"footnotes":""},"categories":[44],"tags":[],"class_list":["post-1666","post","type-post","status-publish","format-standard","has-post-thumbnail","hentry","category-updates-en"],"yoast_head":"<!-- This site is optimized with the Yoast SEO plugin v27.5 - https:\/\/yoast.com\/product\/yoast-seo-wordpress\/ -->\n<title>Kabul Luftbr\u00fccke Charter Flight - Kabul Luftbr\u00fccke<\/title>\n<meta name=\"robots\" content=\"index, follow, max-snippet:-1, max-image-preview:large, max-video-preview:-1\" \/>\n<link rel=\"canonical\" href=\"https:\/\/www.kabulluftbruecke.de\/en\/updates-en\/kabul-luftbruecke-charter-flight\/\" \/>\n<meta property=\"og:locale\" content=\"en_US\" \/>\n<meta property=\"og:type\" content=\"article\" \/>\n<meta property=\"og:title\" content=\"Kabul Luftbr\u00fccke Charter Flight - Kabul Luftbr\u00fccke\" \/>\n<meta property=\"og:description\" content=\"This morning we evacuated 148 people from Afghanistan on a donor-funded charter flight, including two of the Afghan air traffic controllers who had previously worked for the Bundeswehr.\" \/>\n<meta property=\"og:url\" content=\"https:\/\/www.kabulluftbruecke.de\/en\/updates-en\/kabul-luftbruecke-charter-flight\/\" \/>\n<meta property=\"og:site_name\" content=\"Kabul Luftbr\u00fccke\" \/>\n<meta property=\"article:publisher\" content=\"https:\/\/www.facebook.com\/kabulluftbruecke\/\" \/>\n<meta property=\"article:published_time\" content=\"2021-11-13T00:07:55+00:00\" \/>\n<meta property=\"article:modified_time\" content=\"2022-08-06T11:25:08+00:00\" \/>\n<meta property=\"og:image\" content=\"https:\/\/www.kabulluftbruecke.de\/wp-content\/uploads\/KLB1-Evakuierungsflug.jpg\" \/>\n\t<meta property=\"og:image:width\" content=\"1024\" \/>\n\t<meta property=\"og:image:height\" content=\"512\" \/>\n\t<meta property=\"og:image:type\" content=\"image\/jpeg\" \/>\n<meta name=\"author\" content=\"Hakimi\" \/>\n<meta name=\"twitter:card\" content=\"summary_large_image\" \/>\n<meta name=\"twitter:creator\" content=\"@KabulLuftbrucke\" \/>\n<meta name=\"twitter:site\" content=\"@KabulLuftbrucke\" \/>\n<meta name=\"twitter:label1\" content=\"Written by\" \/>\n\t<meta name=\"twitter:data1\" content=\"Hakimi\" \/>\n\t<meta name=\"twitter:label2\" content=\"Est. reading time\" \/>\n\t<meta name=\"twitter:data2\" content=\"2 minutes\" \/>\n<script type=\"application\/ld+json\" class=\"yoast-schema-graph\">{\"@context\":\"https:\\\/\\\/schema.org\",\"@graph\":[{\"@type\":\"Article\",\"@id\":\"https:\\\/\\\/www.kabulluftbruecke.de\\\/en\\\/updates-en\\\/kabul-luftbruecke-charter-flight\\\/#article\",\"isPartOf\":{\"@id\":\"https:\\\/\\\/www.kabulluftbruecke.de\\\/en\\\/updates-en\\\/kabul-luftbruecke-charter-flight\\\/\"},\"author\":{\"name\":\"Hakimi\",\"@id\":\"https:\\\/\\\/www.kabulluftbruecke.de\\\/en\\\/#\\\/schema\\\/person\\\/916d2775427886faa62eb4f434e4e3a9\"},\"headline\":\"Kabul Luftbr\u00fccke Charter Flight\",\"datePublished\":\"2021-11-13T00:07:55+00:00\",\"dateModified\":\"2022-08-06T11:25:08+00:00\",\"mainEntityOfPage\":{\"@id\":\"https:\\\/\\\/www.kabulluftbruecke.de\\\/en\\\/updates-en\\\/kabul-luftbruecke-charter-flight\\\/\"},\"wordCount\":621,\"publisher\":{\"@id\":\"https:\\\/\\\/www.kabulluftbruecke.de\\\/en\\\/#organization\"},\"image\":{\"@id\":\"https:\\\/\\\/www.kabulluftbruecke.de\\\/en\\\/updates-en\\\/kabul-luftbruecke-charter-flight\\\/#primaryimage\"},\"thumbnailUrl\":\"https:\\\/\\\/www.kabulluftbruecke.de\\\/wp-content\\\/uploads\\\/KLB1-Evakuierungsflug.jpg\",\"articleSection\":[\"Updates\"],\"inLanguage\":\"en-US\"},{\"@type\":\"WebPage\",\"@id\":\"https:\\\/\\\/www.kabulluftbruecke.de\\\/en\\\/updates-en\\\/kabul-luftbruecke-charter-flight\\\/\",\"url\":\"https:\\\/\\\/www.kabulluftbruecke.de\\\/en\\\/updates-en\\\/kabul-luftbruecke-charter-flight\\\/\",\"name\":\"Kabul Luftbr\u00fccke Charter Flight - Kabul Luftbr\u00fccke\",\"isPartOf\":{\"@id\":\"https:\\\/\\\/www.kabulluftbruecke.de\\\/en\\\/#website\"},\"primaryImageOfPage\":{\"@id\":\"https:\\\/\\\/www.kabulluftbruecke.de\\\/en\\\/updates-en\\\/kabul-luftbruecke-charter-flight\\\/#primaryimage\"},\"image\":{\"@id\":\"https:\\\/\\\/www.kabulluftbruecke.de\\\/en\\\/updates-en\\\/kabul-luftbruecke-charter-flight\\\/#primaryimage\"},\"thumbnailUrl\":\"https:\\\/\\\/www.kabulluftbruecke.de\\\/wp-content\\\/uploads\\\/KLB1-Evakuierungsflug.jpg\",\"datePublished\":\"2021-11-13T00:07:55+00:00\",\"dateModified\":\"2022-08-06T11:25:08+00:00\",\"breadcrumb\":{\"@id\":\"https:\\\/\\\/www.kabulluftbruecke.de\\\/en\\\/updates-en\\\/kabul-luftbruecke-charter-flight\\\/#breadcrumb\"},\"inLanguage\":\"en-US\",\"potentialAction\":[{\"@type\":\"ReadAction\",\"target\":[\"https:\\\/\\\/www.kabulluftbruecke.de\\\/en\\\/updates-en\\\/kabul-luftbruecke-charter-flight\\\/\"]}]},{\"@type\":\"ImageObject\",\"inLanguage\":\"en-US\",\"@id\":\"https:\\\/\\\/www.kabulluftbruecke.de\\\/en\\\/updates-en\\\/kabul-luftbruecke-charter-flight\\\/#primaryimage\",\"url\":\"https:\\\/\\\/www.kabulluftbruecke.de\\\/wp-content\\\/uploads\\\/KLB1-Evakuierungsflug.jpg\",\"contentUrl\":\"https:\\\/\\\/www.kabulluftbruecke.de\\\/wp-content\\\/uploads\\\/KLB1-Evakuierungsflug.jpg\",\"width\":1024,\"height\":512},{\"@type\":\"BreadcrumbList\",\"@id\":\"https:\\\/\\\/www.kabulluftbruecke.de\\\/en\\\/updates-en\\\/kabul-luftbruecke-charter-flight\\\/#breadcrumb\",\"itemListElement\":[{\"@type\":\"ListItem\",\"position\":1,\"name\":\"Startseite\",\"item\":\"https:\\\/\\\/www.kabulluftbruecke.de\\\/en\\\/\"},{\"@type\":\"ListItem\",\"position\":2,\"name\":\"Kabul Luftbr\u00fccke Charter Flight\"}]},{\"@type\":\"WebSite\",\"@id\":\"https:\\\/\\\/www.kabulluftbruecke.de\\\/en\\\/#website\",\"url\":\"https:\\\/\\\/www.kabulluftbruecke.de\\\/en\\\/\",\"name\":\"Kabul Luftbr\u00fccke\",\"description\":\"Unterst\u00fctze und fordere die Rettung aller Gef\u00e4hrdeten aus Afghanistan\",\"publisher\":{\"@id\":\"https:\\\/\\\/www.kabulluftbruecke.de\\\/en\\\/#organization\"},\"potentialAction\":[{\"@type\":\"SearchAction\",\"target\":{\"@type\":\"EntryPoint\",\"urlTemplate\":\"https:\\\/\\\/www.kabulluftbruecke.de\\\/en\\\/?s={search_term_string}\"},\"query-input\":{\"@type\":\"PropertyValueSpecification\",\"valueRequired\":true,\"valueName\":\"search_term_string\"}}],\"inLanguage\":\"en-US\"},{\"@type\":\"Organization\",\"@id\":\"https:\\\/\\\/www.kabulluftbruecke.de\\\/en\\\/#organization\",\"name\":\"Kabul Luftbr\u00fccke\",\"url\":\"https:\\\/\\\/www.kabulluftbruecke.de\\\/en\\\/\",\"logo\":{\"@type\":\"ImageObject\",\"inLanguage\":\"en-US\",\"@id\":\"https:\\\/\\\/www.kabulluftbruecke.de\\\/en\\\/#\\\/schema\\\/logo\\\/image\\\/\",\"url\":\"https:\\\/\\\/www.kabulluftbruecke.de\\\/wp-content\\\/uploads\\\/Luftbruecke.png\",\"contentUrl\":\"https:\\\/\\\/www.kabulluftbruecke.de\\\/wp-content\\\/uploads\\\/Luftbruecke.png\",\"width\":709,\"height\":185,\"caption\":\"Kabul Luftbr\u00fccke\"},\"image\":{\"@id\":\"https:\\\/\\\/www.kabulluftbruecke.de\\\/en\\\/#\\\/schema\\\/logo\\\/image\\\/\"},\"sameAs\":[\"https:\\\/\\\/www.facebook.com\\\/kabulluftbruecke\\\/\",\"https:\\\/\\\/x.com\\\/KabulLuftbrucke\",\"https:\\\/\\\/www.instagram.com\\\/kabul_luftbruecke\\\/\"]},{\"@type\":\"Person\",\"@id\":\"https:\\\/\\\/www.kabulluftbruecke.de\\\/en\\\/#\\\/schema\\\/person\\\/916d2775427886faa62eb4f434e4e3a9\",\"name\":\"Hakimi\",\"url\":\"https:\\\/\\\/www.kabulluftbruecke.de\\\/en\\\/author\\\/hakimi\\\/\"}]}<\/script>\n<!-- \/ Yoast SEO plugin. -->","yoast_head_json":{"title":"Kabul Luftbr\u00fccke Charter Flight - Kabul Luftbr\u00fccke","robots":{"index":"index","follow":"follow","max-snippet":"max-snippet:-1","max-image-preview":"max-image-preview:large","max-video-preview":"max-video-preview:-1"},"canonical":"https:\/\/www.kabulluftbruecke.de\/en\/updates-en\/kabul-luftbruecke-charter-flight\/","og_locale":"en_US","og_type":"article","og_title":"Kabul Luftbr\u00fccke Charter Flight - Kabul Luftbr\u00fccke","og_description":"This morning we evacuated 148 people from Afghanistan on a donor-funded charter flight, including two of the Afghan air traffic controllers who had previously worked for the Bundeswehr.","og_url":"https:\/\/www.kabulluftbruecke.de\/en\/updates-en\/kabul-luftbruecke-charter-flight\/","og_site_name":"Kabul Luftbr\u00fccke","article_publisher":"https:\/\/www.facebook.com\/kabulluftbruecke\/","article_published_time":"2021-11-13T00:07:55+00:00","article_modified_time":"2022-08-06T11:25:08+00:00","og_image":[{"width":1024,"height":512,"url":"https:\/\/www.kabulluftbruecke.de\/wp-content\/uploads\/KLB1-Evakuierungsflug.jpg","type":"image\/jpeg"}],"author":"Hakimi","twitter_card":"summary_large_image","twitter_creator":"@KabulLuftbrucke","twitter_site":"@KabulLuftbrucke","twitter_misc":{"Written by":"Hakimi","Est. reading time":"2 minutes"},"schema":{"@context":"https:\/\/schema.org","@graph":[{"@type":"Article","@id":"https:\/\/www.kabulluftbruecke.de\/en\/updates-en\/kabul-luftbruecke-charter-flight\/#article","isPartOf":{"@id":"https:\/\/www.kabulluftbruecke.de\/en\/updates-en\/kabul-luftbruecke-charter-flight\/"},"author":{"name":"Hakimi","@id":"https:\/\/www.kabulluftbruecke.de\/en\/#\/schema\/person\/916d2775427886faa62eb4f434e4e3a9"},"headline":"Kabul Luftbr\u00fccke Charter Flight","datePublished":"2021-11-13T00:07:55+00:00","dateModified":"2022-08-06T11:25:08+00:00","mainEntityOfPage":{"@id":"https:\/\/www.kabulluftbruecke.de\/en\/updates-en\/kabul-luftbruecke-charter-flight\/"},"wordCount":621,"publisher":{"@id":"https:\/\/www.kabulluftbruecke.de\/en\/#organization"},"image":{"@id":"https:\/\/www.kabulluftbruecke.de\/en\/updates-en\/kabul-luftbruecke-charter-flight\/#primaryimage"},"thumbnailUrl":"https:\/\/www.kabulluftbruecke.de\/wp-content\/uploads\/KLB1-Evakuierungsflug.jpg","articleSection":["Updates"],"inLanguage":"en-US"},{"@type":"WebPage","@id":"https:\/\/www.kabulluftbruecke.de\/en\/updates-en\/kabul-luftbruecke-charter-flight\/","url":"https:\/\/www.kabulluftbruecke.de\/en\/updates-en\/kabul-luftbruecke-charter-flight\/","name":"Kabul Luftbr\u00fccke Charter Flight - Kabul Luftbr\u00fccke","isPartOf":{"@id":"https:\/\/www.kabulluftbruecke.de\/en\/#website"},"primaryImageOfPage":{"@id":"https:\/\/www.kabulluftbruecke.de\/en\/updates-en\/kabul-luftbruecke-charter-flight\/#primaryimage"},"image":{"@id":"https:\/\/www.kabulluftbruecke.de\/en\/updates-en\/kabul-luftbruecke-charter-flight\/#primaryimage"},"thumbnailUrl":"https:\/\/www.kabulluftbruecke.de\/wp-content\/uploads\/KLB1-Evakuierungsflug.jpg","datePublished":"2021-11-13T00:07:55+00:00","dateModified":"2022-08-06T11:25:08+00:00","breadcrumb":{"@id":"https:\/\/www.kabulluftbruecke.de\/en\/updates-en\/kabul-luftbruecke-charter-flight\/#breadcrumb"},"inLanguage":"en-US","potentialAction":[{"@type":"ReadAction","target":["https:\/\/www.kabulluftbruecke.de\/en\/updates-en\/kabul-luftbruecke-charter-flight\/"]}]},{"@type":"ImageObject","inLanguage":"en-US","@id":"https:\/\/www.kabulluftbruecke.de\/en\/updates-en\/kabul-luftbruecke-charter-flight\/#primaryimage","url":"https:\/\/www.kabulluftbruecke.de\/wp-content\/uploads\/KLB1-Evakuierungsflug.jpg","contentUrl":"https:\/\/www.kabulluftbruecke.de\/wp-content\/uploads\/KLB1-Evakuierungsflug.jpg","width":1024,"height":512},{"@type":"BreadcrumbList","@id":"https:\/\/www.kabulluftbruecke.de\/en\/updates-en\/kabul-luftbruecke-charter-flight\/#breadcrumb","itemListElement":[{"@type":"ListItem","position":1,"name":"Startseite","item":"https:\/\/www.kabulluftbruecke.de\/en\/"},{"@type":"ListItem","position":2,"name":"Kabul Luftbr\u00fccke Charter Flight"}]},{"@type":"WebSite","@id":"https:\/\/www.kabulluftbruecke.de\/en\/#website","url":"https:\/\/www.kabulluftbruecke.de\/en\/","name":"Kabul Luftbr\u00fccke","description":"Unterst\u00fctze und fordere die Rettung aller Gef\u00e4hrdeten aus Afghanistan","publisher":{"@id":"https:\/\/www.kabulluftbruecke.de\/en\/#organization"},"potentialAction":[{"@type":"SearchAction","target":{"@type":"EntryPoint","urlTemplate":"https:\/\/www.kabulluftbruecke.de\/en\/?s={search_term_string}"},"query-input":{"@type":"PropertyValueSpecification","valueRequired":true,"valueName":"search_term_string"}}],"inLanguage":"en-US"},{"@type":"Organization","@id":"https:\/\/www.kabulluftbruecke.de\/en\/#organization","name":"Kabul Luftbr\u00fccke","url":"https:\/\/www.kabulluftbruecke.de\/en\/","logo":{"@type":"ImageObject","inLanguage":"en-US","@id":"https:\/\/www.kabulluftbruecke.de\/en\/#\/schema\/logo\/image\/","url":"https:\/\/www.kabulluftbruecke.de\/wp-content\/uploads\/Luftbruecke.png","contentUrl":"https:\/\/www.kabulluftbruecke.de\/wp-content\/uploads\/Luftbruecke.png","width":709,"height":185,"caption":"Kabul Luftbr\u00fccke"},"image":{"@id":"https:\/\/www.kabulluftbruecke.de\/en\/#\/schema\/logo\/image\/"},"sameAs":["https:\/\/www.facebook.com\/kabulluftbruecke\/","https:\/\/x.com\/KabulLuftbrucke","https:\/\/www.instagram.com\/kabul_luftbruecke\/"]},{"@type":"Person","@id":"https:\/\/www.kabulluftbruecke.de\/en\/#\/schema\/person\/916d2775427886faa62eb4f434e4e3a9","name":"Hakimi","url":"https:\/\/www.kabulluftbruecke.de\/en\/author\/hakimi\/"}]}},"jetpack_featured_media_url":"https:\/\/www.kabulluftbruecke.de\/wp-content\/uploads\/KLB1-Evakuierungsflug.jpg","jetpack_sharing_enabled":true,"_links":{"self":[{"href":"https:\/\/www.kabulluftbruecke.de\/en\/wp-json\/wp\/v2\/posts\/1666","targetHints":{"allow":["GET"]}}],"collection":[{"href":"https:\/\/www.kabulluftbruecke.de\/en\/wp-json\/wp\/v2\/posts"}],"about":[{"href":"https:\/\/www.kabulluftbruecke.de\/en\/wp-json\/wp\/v2\/types\/post"}],"author":[{"embeddable":true,"href":"https:\/\/www.kabulluftbruecke.de\/en\/wp-json\/wp\/v2\/users\/7"}],"replies":[{"embeddable":true,"href":"https:\/\/www.kabulluftbruecke.de\/en\/wp-json\/wp\/v2\/comments?post=1666"}],"version-history":[{"count":0,"href":"https:\/\/www.kabulluftbruecke.de\/en\/wp-json\/wp\/v2\/posts\/1666\/revisions"}],"wp:featuredmedia":[{"embeddable":true,"href":"https:\/\/www.kabulluftbruecke.de\/en\/wp-json\/wp\/v2\/media\/2036"}],"wp:attachment":[{"href":"https:\/\/www.kabulluftbruecke.de\/en\/wp-json\/wp\/v2\/media?parent=1666"}],"wp:term":[{"taxonomy":"category","embeddable":true,"href":"https:\/\/www.kabulluftbruecke.de\/en\/wp-json\/wp\/v2\/categories?post=1666"},{"taxonomy":"post_tag","embeddable":true,"href":"https:\/\/www.kabulluftbruecke.de\/en\/wp-json\/wp\/v2\/tags?post=1666"}],"curies":[{"name":"wp","href":"https:\/\/api.w.org\/{rel}","templated":true}]}}