{"id":4082,"date":"2023-08-15T11:00:11","date_gmt":"2023-08-15T09:00:11","guid":{"rendered":"https:\/\/www.kabulluftbruecke.de\/?p=4082"},"modified":"2023-08-17T11:54:37","modified_gmt":"2023-08-17T09:54:37","slug":"two-years-after-the-taliban-takeover","status":"publish","type":"post","link":"https:\/\/www.kabulluftbruecke.de\/en\/updates-en\/two-years-after-the-taliban-takeover\/","title":{"rendered":"Two years after the Taliban takeover"},"content":{"rendered":"<p><div class=\"fusion-fullwidth fullwidth-box fusion-builder-row-1 fusion-flex-container has-pattern-background has-mask-background nonhundred-percent-fullwidth non-hundred-percent-height-scrolling\" style=\"--awb-border-radius-top-left:0px;--awb-border-radius-top-right:0px;--awb-border-radius-bottom-right:0px;--awb-border-radius-bottom-left:0px;--awb-flex-wrap:wrap;\" ><div class=\"fusion-builder-row fusion-row fusion-flex-align-items-flex-start fusion-flex-content-wrap\" style=\"max-width:1248px;margin-left: calc(-4% \/ 2 );margin-right: calc(-4% \/ 2 );\"><div class=\"fusion-layout-column fusion_builder_column fusion-builder-column-0 fusion_builder_column_1_1 1_1 fusion-flex-column\" style=\"--awb-bg-size:cover;--awb-width-large:100%;--awb-margin-top-large:0px;--awb-spacing-right-large:1.92%;--awb-margin-bottom-large:20px;--awb-spacing-left-large:1.92%;--awb-width-medium:100%;--awb-order-medium:0;--awb-spacing-right-medium:1.92%;--awb-spacing-left-medium:1.92%;--awb-width-small:100%;--awb-order-small:0;--awb-spacing-right-small:1.92%;--awb-spacing-left-small:1.92%;\"><div class=\"fusion-column-wrapper fusion-column-has-shadow fusion-flex-justify-content-flex-start fusion-content-layout-column\"><div class=\"fusion-text fusion-text-1\"><p>Two years ago, Western troops withdrew from Afghanistan after 20 years of military intervention. After taking power on August 15, 2021 the Islamic fundamentalist Taliban resumed their inhumane and misogynist rule, which the NATO troops set out to eradicate back in 2001.<\/p>\n<\/div><\/div><\/div><\/div><\/div><div class=\"fusion-fullwidth fullwidth-box fusion-builder-row-2 fusion-flex-container has-pattern-background has-mask-background nonhundred-percent-fullwidth non-hundred-percent-height-scrolling\" style=\"--awb-border-radius-top-left:0px;--awb-border-radius-top-right:0px;--awb-border-radius-bottom-right:0px;--awb-border-radius-bottom-left:0px;--awb-flex-wrap:wrap;\" ><div class=\"fusion-builder-row fusion-row fusion-flex-align-items-flex-start fusion-flex-content-wrap\" style=\"max-width:1248px;margin-left: calc(-4% \/ 2 );margin-right: calc(-4% \/ 2 );\"><div class=\"fusion-layout-column fusion_builder_column fusion-builder-column-1 fusion_builder_column_1_4 1_4 fusion-flex-column\" style=\"--awb-bg-size:cover;--awb-width-large:25%;--awb-margin-top-large:0px;--awb-spacing-right-large:7.68%;--awb-margin-bottom-large:20px;--awb-spacing-left-large:7.68%;--awb-width-medium:25%;--awb-order-medium:0;--awb-spacing-right-medium:7.68%;--awb-spacing-left-medium:7.68%;--awb-width-small:100%;--awb-order-small:0;--awb-spacing-right-small:1.92%;--awb-spacing-left-small:1.92%;\"><div class=\"fusion-column-wrapper fusion-column-has-shadow fusion-flex-justify-content-flex-start fusion-content-layout-column\"><\/div><\/div><div class=\"fusion-layout-column fusion_builder_column fusion-builder-column-2 fusion_builder_column_1_2 1_2 fusion-flex-column\" style=\"--awb-bg-size:cover;--awb-width-large:50%;--awb-margin-top-large:0px;--awb-spacing-right-large:3.84%;--awb-margin-bottom-large:20px;--awb-spacing-left-large:3.84%;--awb-width-medium:50%;--awb-order-medium:0;--awb-spacing-right-medium:3.84%;--awb-spacing-left-medium:3.84%;--awb-width-small:100%;--awb-order-small:0;--awb-spacing-right-small:1.92%;--awb-spacing-left-small:1.92%;\"><div class=\"fusion-column-wrapper fusion-column-has-shadow fusion-flex-justify-content-flex-start fusion-content-layout-column\"><div class=\"fusion-video fusion-selfhosted-video\" style=\"max-width:100%;\"><div class=\"video-wrapper\"><video playsinline=\"true\" width=\"100%\" style=\"object-fit: cover;\" autoplay=\"true\" muted=\"true\" loop=\"true\" preload=\"auto\" controls=\"1\"><source src=\"https:\/\/www.kabulluftbruecke.de\/wp-content\/uploads\/2Jahre_VersionKLB.mp4\" type=\"video\/mp4\">Sorry, your browser doesn&#039;t support embedded videos.<\/video><\/div><\/div><\/div><\/div><div class=\"fusion-layout-column fusion_builder_column fusion-builder-column-3 fusion_builder_column_1_4 1_4 fusion-flex-column\" style=\"--awb-bg-size:cover;--awb-width-large:25%;--awb-margin-top-large:0px;--awb-spacing-right-large:7.68%;--awb-margin-bottom-large:20px;--awb-spacing-left-large:7.68%;--awb-width-medium:25%;--awb-order-medium:0;--awb-spacing-right-medium:7.68%;--awb-spacing-left-medium:7.68%;--awb-width-small:100%;--awb-order-small:0;--awb-spacing-right-small:1.92%;--awb-spacing-left-small:1.92%;\"><div class=\"fusion-column-wrapper fusion-column-has-shadow fusion-flex-justify-content-flex-start fusion-content-layout-column\"><\/div><\/div><\/div><\/div><div class=\"fusion-fullwidth fullwidth-box fusion-builder-row-3 fusion-flex-container has-pattern-background has-mask-background nonhundred-percent-fullwidth non-hundred-percent-height-scrolling\" style=\"--awb-border-radius-top-left:0px;--awb-border-radius-top-right:0px;--awb-border-radius-bottom-right:0px;--awb-border-radius-bottom-left:0px;--awb-flex-wrap:wrap;\" ><div class=\"fusion-builder-row fusion-row fusion-flex-align-items-flex-start fusion-flex-content-wrap\" style=\"max-width:1248px;margin-left: calc(-4% \/ 2 );margin-right: calc(-4% \/ 2 );\"><div class=\"fusion-layout-column fusion_builder_column fusion-builder-column-4 fusion_builder_column_1_1 1_1 fusion-flex-column\" style=\"--awb-bg-size:cover;--awb-width-large:100%;--awb-margin-top-large:0px;--awb-spacing-right-large:1.92%;--awb-margin-bottom-large:20px;--awb-spacing-left-large:1.92%;--awb-width-medium:100%;--awb-order-medium:0;--awb-spacing-right-medium:1.92%;--awb-spacing-left-medium:1.92%;--awb-width-small:100%;--awb-order-small:0;--awb-spacing-right-small:1.92%;--awb-spacing-left-small:1.92%;\"><div class=\"fusion-column-wrapper fusion-column-has-shadow fusion-flex-justify-content-flex-start fusion-content-layout-column\"><div class=\"fusion-text fusion-text-2\"><p>After the Taliban takeover, German nationals and other foreigners were evacuated to safety, while Afghan employees of German institutions, were left behind. They are now facing persecution, imprisonment and worse. The same applies to those who &#8211; often at the risk of their lives &#8211; campaigned for democracy, equality and human rights.<\/p>\n<p>Until shortly before the Taliban took power, Germany delayed the evacuation of local staff and pushed for deportations to Afghanistan. In autumn 2021, the newly elected federal government pledged to make admissions of vulnerable Afghans a priority and not to repeat past mistakes. Two years after the Taliban took power, the reality looks somewhat different.<\/p>\n<p>The coalition agreement announced a federal admissions program, allowing a safe passage to Germany for 1000 endangered Afghan citizens every month. Until today, not a single person has reached Germany through the program.<\/p>\n<p>Until today, the procedure for admitting local employees has not been reformed, contrary to the promises made in the coalition agreement.<\/p>\n<p>Until today, more than 14,000 Afghans are waiting for an appointment at a German embassy in order to exercise their right to family reunification with their spouses, parents or underage children in Germany. As of now, most will have to wait for years.<\/p>\n<p>To this day, endangered single women with a German acceptance letter are still blocked from reaching a German embassy because the Taliban forbid them to travel without a male companion and the federal government is unable to find a remedy.<\/p>\n<p>Again and again Germany justified its mission in Afghanistan with the protection of human and women\u2019s rights. That the Taliban put their inhuman ideology into practice is no surprise. That the German government does not keep its promise to protect people from this terror is a disgrace.<\/p>\n<p>Kabul Luftbruecke has helped over 3,600 people to safely exit Afghanistan over the past two years. In order to keep on going and further fulfill our responsibility towards Afghanistan, we need your help.<\/p>\n<\/div><\/div><\/div><\/div><\/div><\/p>\n","protected":false},"excerpt":{"rendered":"","protected":false},"author":7,"featured_media":4065,"comment_status":"closed","ping_status":"closed","sticky":false,"template":"","format":"standard","meta":{"_jetpack_memberships_contains_paid_content":false,"footnotes":""},"categories":[44],"tags":[],"class_list":["post-4082","post","type-post","status-publish","format-standard","has-post-thumbnail","hentry","category-updates-en"],"yoast_head":"<!-- This site is optimized with the Yoast SEO plugin v27.5 - https:\/\/yoast.com\/product\/yoast-seo-wordpress\/ -->\n<title>Two years after the Taliban takeover - Kabul Luftbr\u00fccke<\/title>\n<meta name=\"robots\" content=\"index, follow, max-snippet:-1, max-image-preview:large, max-video-preview:-1\" \/>\n<link rel=\"canonical\" href=\"https:\/\/www.kabulluftbruecke.de\/en\/updates-en\/two-years-after-the-taliban-takeover\/\" \/>\n<meta property=\"og:locale\" content=\"en_US\" \/>\n<meta property=\"og:type\" content=\"article\" \/>\n<meta property=\"og:title\" content=\"Two years after the Taliban takeover - Kabul Luftbr\u00fccke\" \/>\n<meta property=\"og:url\" content=\"https:\/\/www.kabulluftbruecke.de\/en\/updates-en\/two-years-after-the-taliban-takeover\/\" \/>\n<meta property=\"og:site_name\" content=\"Kabul Luftbr\u00fccke\" \/>\n<meta property=\"article:publisher\" content=\"https:\/\/www.facebook.com\/kabulluftbruecke\/\" \/>\n<meta property=\"article:published_time\" content=\"2023-08-15T09:00:11+00:00\" \/>\n<meta property=\"article:modified_time\" content=\"2023-08-17T09:54:37+00:00\" \/>\n<meta property=\"og:image\" content=\"https:\/\/www.kabulluftbruecke.de\/wp-content\/uploads\/signal-2023-08-16-113405_002.jpeg\" \/>\n\t<meta property=\"og:image:width\" content=\"1600\" \/>\n\t<meta property=\"og:image:height\" content=\"1066\" \/>\n\t<meta property=\"og:image:type\" content=\"image\/jpeg\" \/>\n<meta name=\"author\" content=\"Hakimi\" \/>\n<meta name=\"twitter:card\" content=\"summary_large_image\" \/>\n<meta name=\"twitter:creator\" content=\"@KabulLuftbrucke\" \/>\n<meta name=\"twitter:site\" content=\"@KabulLuftbrucke\" \/>\n<meta name=\"twitter:label1\" content=\"Written by\" \/>\n\t<meta name=\"twitter:data1\" content=\"Hakimi\" \/>\n\t<meta name=\"twitter:label2\" content=\"Est. reading time\" \/>\n\t<meta name=\"twitter:data2\" content=\"10 minutes\" \/>\n<script type=\"application\/ld+json\" class=\"yoast-schema-graph\">{\"@context\":\"https:\\\/\\\/schema.org\",\"@graph\":[{\"@type\":\"Article\",\"@id\":\"https:\\\/\\\/www.kabulluftbruecke.de\\\/en\\\/updates-en\\\/two-years-after-the-taliban-takeover\\\/#article\",\"isPartOf\":{\"@id\":\"https:\\\/\\\/www.kabulluftbruecke.de\\\/en\\\/updates-en\\\/two-years-after-the-taliban-takeover\\\/\"},\"author\":{\"name\":\"Hakimi\",\"@id\":\"https:\\\/\\\/www.kabulluftbruecke.de\\\/en\\\/#\\\/schema\\\/person\\\/916d2775427886faa62eb4f434e4e3a9\"},\"headline\":\"Two years after the Taliban takeover\",\"datePublished\":\"2023-08-15T09:00:11+00:00\",\"dateModified\":\"2023-08-17T09:54:37+00:00\",\"mainEntityOfPage\":{\"@id\":\"https:\\\/\\\/www.kabulluftbruecke.de\\\/en\\\/updates-en\\\/two-years-after-the-taliban-takeover\\\/\"},\"wordCount\":4074,\"publisher\":{\"@id\":\"https:\\\/\\\/www.kabulluftbruecke.de\\\/en\\\/#organization\"},\"image\":{\"@id\":\"https:\\\/\\\/www.kabulluftbruecke.de\\\/en\\\/updates-en\\\/two-years-after-the-taliban-takeover\\\/#primaryimage\"},\"thumbnailUrl\":\"https:\\\/\\\/www.kabulluftbruecke.de\\\/wp-content\\\/uploads\\\/signal-2023-08-16-113405_002.jpeg\",\"articleSection\":[\"Updates\"],\"inLanguage\":\"en-US\"},{\"@type\":\"WebPage\",\"@id\":\"https:\\\/\\\/www.kabulluftbruecke.de\\\/en\\\/updates-en\\\/two-years-after-the-taliban-takeover\\\/\",\"url\":\"https:\\\/\\\/www.kabulluftbruecke.de\\\/en\\\/updates-en\\\/two-years-after-the-taliban-takeover\\\/\",\"name\":\"Two years after the Taliban takeover - Kabul Luftbr\u00fccke\",\"isPartOf\":{\"@id\":\"https:\\\/\\\/www.kabulluftbruecke.de\\\/en\\\/#website\"},\"primaryImageOfPage\":{\"@id\":\"https:\\\/\\\/www.kabulluftbruecke.de\\\/en\\\/updates-en\\\/two-years-after-the-taliban-takeover\\\/#primaryimage\"},\"image\":{\"@id\":\"https:\\\/\\\/www.kabulluftbruecke.de\\\/en\\\/updates-en\\\/two-years-after-the-taliban-takeover\\\/#primaryimage\"},\"thumbnailUrl\":\"https:\\\/\\\/www.kabulluftbruecke.de\\\/wp-content\\\/uploads\\\/signal-2023-08-16-113405_002.jpeg\",\"datePublished\":\"2023-08-15T09:00:11+00:00\",\"dateModified\":\"2023-08-17T09:54:37+00:00\",\"breadcrumb\":{\"@id\":\"https:\\\/\\\/www.kabulluftbruecke.de\\\/en\\\/updates-en\\\/two-years-after-the-taliban-takeover\\\/#breadcrumb\"},\"inLanguage\":\"en-US\",\"potentialAction\":[{\"@type\":\"ReadAction\",\"target\":[\"https:\\\/\\\/www.kabulluftbruecke.de\\\/en\\\/updates-en\\\/two-years-after-the-taliban-takeover\\\/\"]}]},{\"@type\":\"ImageObject\",\"inLanguage\":\"en-US\",\"@id\":\"https:\\\/\\\/www.kabulluftbruecke.de\\\/en\\\/updates-en\\\/two-years-after-the-taliban-takeover\\\/#primaryimage\",\"url\":\"https:\\\/\\\/www.kabulluftbruecke.de\\\/wp-content\\\/uploads\\\/signal-2023-08-16-113405_002.jpeg\",\"contentUrl\":\"https:\\\/\\\/www.kabulluftbruecke.de\\\/wp-content\\\/uploads\\\/signal-2023-08-16-113405_002.jpeg\",\"width\":1600,\"height\":1066},{\"@type\":\"BreadcrumbList\",\"@id\":\"https:\\\/\\\/www.kabulluftbruecke.de\\\/en\\\/updates-en\\\/two-years-after-the-taliban-takeover\\\/#breadcrumb\",\"itemListElement\":[{\"@type\":\"ListItem\",\"position\":1,\"name\":\"Startseite\",\"item\":\"https:\\\/\\\/www.kabulluftbruecke.de\\\/en\\\/\"},{\"@type\":\"ListItem\",\"position\":2,\"name\":\"Two years after the Taliban takeover\"}]},{\"@type\":\"WebSite\",\"@id\":\"https:\\\/\\\/www.kabulluftbruecke.de\\\/en\\\/#website\",\"url\":\"https:\\\/\\\/www.kabulluftbruecke.de\\\/en\\\/\",\"name\":\"Kabul Luftbr\u00fccke\",\"description\":\"Unterst\u00fctze und fordere die Rettung aller Gef\u00e4hrdeten aus Afghanistan\",\"publisher\":{\"@id\":\"https:\\\/\\\/www.kabulluftbruecke.de\\\/en\\\/#organization\"},\"potentialAction\":[{\"@type\":\"SearchAction\",\"target\":{\"@type\":\"EntryPoint\",\"urlTemplate\":\"https:\\\/\\\/www.kabulluftbruecke.de\\\/en\\\/?s={search_term_string}\"},\"query-input\":{\"@type\":\"PropertyValueSpecification\",\"valueRequired\":true,\"valueName\":\"search_term_string\"}}],\"inLanguage\":\"en-US\"},{\"@type\":\"Organization\",\"@id\":\"https:\\\/\\\/www.kabulluftbruecke.de\\\/en\\\/#organization\",\"name\":\"Kabul Luftbr\u00fccke\",\"url\":\"https:\\\/\\\/www.kabulluftbruecke.de\\\/en\\\/\",\"logo\":{\"@type\":\"ImageObject\",\"inLanguage\":\"en-US\",\"@id\":\"https:\\\/\\\/www.kabulluftbruecke.de\\\/en\\\/#\\\/schema\\\/logo\\\/image\\\/\",\"url\":\"https:\\\/\\\/www.kabulluftbruecke.de\\\/wp-content\\\/uploads\\\/Luftbruecke.png\",\"contentUrl\":\"https:\\\/\\\/www.kabulluftbruecke.de\\\/wp-content\\\/uploads\\\/Luftbruecke.png\",\"width\":709,\"height\":185,\"caption\":\"Kabul Luftbr\u00fccke\"},\"image\":{\"@id\":\"https:\\\/\\\/www.kabulluftbruecke.de\\\/en\\\/#\\\/schema\\\/logo\\\/image\\\/\"},\"sameAs\":[\"https:\\\/\\\/www.facebook.com\\\/kabulluftbruecke\\\/\",\"https:\\\/\\\/x.com\\\/KabulLuftbrucke\",\"https:\\\/\\\/www.instagram.com\\\/kabul_luftbruecke\\\/\"]},{\"@type\":\"Person\",\"@id\":\"https:\\\/\\\/www.kabulluftbruecke.de\\\/en\\\/#\\\/schema\\\/person\\\/916d2775427886faa62eb4f434e4e3a9\",\"name\":\"Hakimi\",\"url\":\"https:\\\/\\\/www.kabulluftbruecke.de\\\/en\\\/author\\\/hakimi\\\/\"}]}<\/script>\n<!-- \/ Yoast SEO plugin. -->","yoast_head_json":{"title":"Two years after the Taliban takeover - Kabul Luftbr\u00fccke","robots":{"index":"index","follow":"follow","max-snippet":"max-snippet:-1","max-image-preview":"max-image-preview:large","max-video-preview":"max-video-preview:-1"},"canonical":"https:\/\/www.kabulluftbruecke.de\/en\/updates-en\/two-years-after-the-taliban-takeover\/","og_locale":"en_US","og_type":"article","og_title":"Two years after the Taliban takeover - Kabul Luftbr\u00fccke","og_url":"https:\/\/www.kabulluftbruecke.de\/en\/updates-en\/two-years-after-the-taliban-takeover\/","og_site_name":"Kabul Luftbr\u00fccke","article_publisher":"https:\/\/www.facebook.com\/kabulluftbruecke\/","article_published_time":"2023-08-15T09:00:11+00:00","article_modified_time":"2023-08-17T09:54:37+00:00","og_image":[{"width":1600,"height":1066,"url":"https:\/\/www.kabulluftbruecke.de\/wp-content\/uploads\/signal-2023-08-16-113405_002.jpeg","type":"image\/jpeg"}],"author":"Hakimi","twitter_card":"summary_large_image","twitter_creator":"@KabulLuftbrucke","twitter_site":"@KabulLuftbrucke","twitter_misc":{"Written by":"Hakimi","Est. reading time":"10 minutes"},"schema":{"@context":"https:\/\/schema.org","@graph":[{"@type":"Article","@id":"https:\/\/www.kabulluftbruecke.de\/en\/updates-en\/two-years-after-the-taliban-takeover\/#article","isPartOf":{"@id":"https:\/\/www.kabulluftbruecke.de\/en\/updates-en\/two-years-after-the-taliban-takeover\/"},"author":{"name":"Hakimi","@id":"https:\/\/www.kabulluftbruecke.de\/en\/#\/schema\/person\/916d2775427886faa62eb4f434e4e3a9"},"headline":"Two years after the Taliban takeover","datePublished":"2023-08-15T09:00:11+00:00","dateModified":"2023-08-17T09:54:37+00:00","mainEntityOfPage":{"@id":"https:\/\/www.kabulluftbruecke.de\/en\/updates-en\/two-years-after-the-taliban-takeover\/"},"wordCount":4074,"publisher":{"@id":"https:\/\/www.kabulluftbruecke.de\/en\/#organization"},"image":{"@id":"https:\/\/www.kabulluftbruecke.de\/en\/updates-en\/two-years-after-the-taliban-takeover\/#primaryimage"},"thumbnailUrl":"https:\/\/www.kabulluftbruecke.de\/wp-content\/uploads\/signal-2023-08-16-113405_002.jpeg","articleSection":["Updates"],"inLanguage":"en-US"},{"@type":"WebPage","@id":"https:\/\/www.kabulluftbruecke.de\/en\/updates-en\/two-years-after-the-taliban-takeover\/","url":"https:\/\/www.kabulluftbruecke.de\/en\/updates-en\/two-years-after-the-taliban-takeover\/","name":"Two years after the Taliban takeover - Kabul Luftbr\u00fccke","isPartOf":{"@id":"https:\/\/www.kabulluftbruecke.de\/en\/#website"},"primaryImageOfPage":{"@id":"https:\/\/www.kabulluftbruecke.de\/en\/updates-en\/two-years-after-the-taliban-takeover\/#primaryimage"},"image":{"@id":"https:\/\/www.kabulluftbruecke.de\/en\/updates-en\/two-years-after-the-taliban-takeover\/#primaryimage"},"thumbnailUrl":"https:\/\/www.kabulluftbruecke.de\/wp-content\/uploads\/signal-2023-08-16-113405_002.jpeg","datePublished":"2023-08-15T09:00:11+00:00","dateModified":"2023-08-17T09:54:37+00:00","breadcrumb":{"@id":"https:\/\/www.kabulluftbruecke.de\/en\/updates-en\/two-years-after-the-taliban-takeover\/#breadcrumb"},"inLanguage":"en-US","potentialAction":[{"@type":"ReadAction","target":["https:\/\/www.kabulluftbruecke.de\/en\/updates-en\/two-years-after-the-taliban-takeover\/"]}]},{"@type":"ImageObject","inLanguage":"en-US","@id":"https:\/\/www.kabulluftbruecke.de\/en\/updates-en\/two-years-after-the-taliban-takeover\/#primaryimage","url":"https:\/\/www.kabulluftbruecke.de\/wp-content\/uploads\/signal-2023-08-16-113405_002.jpeg","contentUrl":"https:\/\/www.kabulluftbruecke.de\/wp-content\/uploads\/signal-2023-08-16-113405_002.jpeg","width":1600,"height":1066},{"@type":"BreadcrumbList","@id":"https:\/\/www.kabulluftbruecke.de\/en\/updates-en\/two-years-after-the-taliban-takeover\/#breadcrumb","itemListElement":[{"@type":"ListItem","position":1,"name":"Startseite","item":"https:\/\/www.kabulluftbruecke.de\/en\/"},{"@type":"ListItem","position":2,"name":"Two years after the Taliban takeover"}]},{"@type":"WebSite","@id":"https:\/\/www.kabulluftbruecke.de\/en\/#website","url":"https:\/\/www.kabulluftbruecke.de\/en\/","name":"Kabul Luftbr\u00fccke","description":"Unterst\u00fctze und fordere die Rettung aller Gef\u00e4hrdeten aus Afghanistan","publisher":{"@id":"https:\/\/www.kabulluftbruecke.de\/en\/#organization"},"potentialAction":[{"@type":"SearchAction","target":{"@type":"EntryPoint","urlTemplate":"https:\/\/www.kabulluftbruecke.de\/en\/?s={search_term_string}"},"query-input":{"@type":"PropertyValueSpecification","valueRequired":true,"valueName":"search_term_string"}}],"inLanguage":"en-US"},{"@type":"Organization","@id":"https:\/\/www.kabulluftbruecke.de\/en\/#organization","name":"Kabul Luftbr\u00fccke","url":"https:\/\/www.kabulluftbruecke.de\/en\/","logo":{"@type":"ImageObject","inLanguage":"en-US","@id":"https:\/\/www.kabulluftbruecke.de\/en\/#\/schema\/logo\/image\/","url":"https:\/\/www.kabulluftbruecke.de\/wp-content\/uploads\/Luftbruecke.png","contentUrl":"https:\/\/www.kabulluftbruecke.de\/wp-content\/uploads\/Luftbruecke.png","width":709,"height":185,"caption":"Kabul Luftbr\u00fccke"},"image":{"@id":"https:\/\/www.kabulluftbruecke.de\/en\/#\/schema\/logo\/image\/"},"sameAs":["https:\/\/www.facebook.com\/kabulluftbruecke\/","https:\/\/x.com\/KabulLuftbrucke","https:\/\/www.instagram.com\/kabul_luftbruecke\/"]},{"@type":"Person","@id":"https:\/\/www.kabulluftbruecke.de\/en\/#\/schema\/person\/916d2775427886faa62eb4f434e4e3a9","name":"Hakimi","url":"https:\/\/www.kabulluftbruecke.de\/en\/author\/hakimi\/"}]}},"jetpack_featured_media_url":"https:\/\/www.kabulluftbruecke.de\/wp-content\/uploads\/signal-2023-08-16-113405_002.jpeg","jetpack_sharing_enabled":true,"_links":{"self":[{"href":"https:\/\/www.kabulluftbruecke.de\/en\/wp-json\/wp\/v2\/posts\/4082","targetHints":{"allow":["GET"]}}],"collection":[{"href":"https:\/\/www.kabulluftbruecke.de\/en\/wp-json\/wp\/v2\/posts"}],"about":[{"href":"https:\/\/www.kabulluftbruecke.de\/en\/wp-json\/wp\/v2\/types\/post"}],"author":[{"embeddable":true,"href":"https:\/\/www.kabulluftbruecke.de\/en\/wp-json\/wp\/v2\/users\/7"}],"replies":[{"embeddable":true,"href":"https:\/\/www.kabulluftbruecke.de\/en\/wp-json\/wp\/v2\/comments?post=4082"}],"version-history":[{"count":0,"href":"https:\/\/www.kabulluftbruecke.de\/en\/wp-json\/wp\/v2\/posts\/4082\/revisions"}],"wp:featuredmedia":[{"embeddable":true,"href":"https:\/\/www.kabulluftbruecke.de\/en\/wp-json\/wp\/v2\/media\/4065"}],"wp:attachment":[{"href":"https:\/\/www.kabulluftbruecke.de\/en\/wp-json\/wp\/v2\/media?parent=4082"}],"wp:term":[{"taxonomy":"category","embeddable":true,"href":"https:\/\/www.kabulluftbruecke.de\/en\/wp-json\/wp\/v2\/categories?post=4082"},{"taxonomy":"post_tag","embeddable":true,"href":"https:\/\/www.kabulluftbruecke.de\/en\/wp-json\/wp\/v2\/tags?post=4082"}],"curies":[{"name":"wp","href":"https:\/\/api.w.org\/{rel}","templated":true}]}}