{"id":6388,"date":"2025-02-03T08:06:48","date_gmt":"2025-02-03T07:06:48","guid":{"rendered":"https:\/\/www.kabulluftbruecke.de\/?p=6388"},"modified":"2025-02-03T08:06:48","modified_gmt":"2025-02-03T07:06:48","slug":"joint-appeal-by-145-federal-and-state-organizations-for-the-37th-cdu-party-congress-on-february-3-2025","status":"publish","type":"post","link":"https:\/\/www.kabulluftbruecke.de\/en\/updates-en\/joint-appeal-by-145-federal-and-state-organizations-for-the-37th-cdu-party-congress-on-february-3-2025\/","title":{"rendered":"Joint Appeal by 145 Federal and State Organizations for the 37th CDU Party Congress on February 3, 2025"},"content":{"rendered":"<div class=\"fusion-fullwidth fullwidth-box fusion-builder-row-1 fusion-flex-container has-pattern-background has-mask-background nonhundred-percent-fullwidth non-hundred-percent-height-scrolling\" style=\"--awb-border-radius-top-left:0px;--awb-border-radius-top-right:0px;--awb-border-radius-bottom-right:0px;--awb-border-radius-bottom-left:0px;--awb-flex-wrap:wrap;\" ><div class=\"fusion-builder-row fusion-row fusion-flex-align-items-flex-start fusion-flex-content-wrap\" style=\"max-width:1248px;margin-left: calc(-4% \/ 2 );margin-right: calc(-4% \/ 2 );\"><div class=\"fusion-layout-column fusion_builder_column fusion-builder-column-0 fusion_builder_column_1_1 1_1 fusion-flex-column\" style=\"--awb-bg-size:cover;--awb-width-large:100%;--awb-margin-top-large:0px;--awb-spacing-right-large:1.92%;--awb-margin-bottom-large:20px;--awb-spacing-left-large:1.92%;--awb-width-medium:100%;--awb-order-medium:0;--awb-spacing-right-medium:1.92%;--awb-spacing-left-medium:1.92%;--awb-width-small:100%;--awb-order-small:0;--awb-spacing-right-small:1.92%;--awb-spacing-left-small:1.92%;\"><div class=\"fusion-column-wrapper fusion-column-has-shadow fusion-flex-justify-content-flex-start fusion-content-layout-column\"><div class=\"fusion-text fusion-text-1\"><h4><span style=\"color: #ff1207;\">Standing up for the Human Rights Firewall: Refugee Protection and Human Rights are Part of Our Democracy<\/span><\/h4>\n<p>We are united in our desire for a life in a society that protects and supports us, where we are involved and respected. These fundamental values\u2014democracy, the rule of law, and human rights\u2014form the foundation of our community. They provide us with stability, security, and support. They guarantee that our inherent dignity and freedom are upheld. It is our collective responsibility to preserve and defend these values.<\/p>\n<p>The strength of our society lies in its diversity: different ideas, backgrounds, religions, worldviews, and identities enrich us. Refugees from many parts of the world have long been a part of our society. They work here, engage in their communities, and raise their children. The actions of individuals that shock and horrify us, such as the terrible attack in Aschaffenburg, must never lead to entire groups being stigmatized, racialized, or deprived of their rights.<\/p>\n<p><span style=\"color: #ff1207;\">We are all part of this society:<\/span> whether refugees, immigrants, or born here, we all belong. Basic human and civil rights apply to all of us, or they apply to none. The current discussions about tightening nationality, residence, and asylum laws, which are also being driven forward by the CDU, threaten this fundamental understanding. Polarizing and blatantly illegal demands for the rejection of people seeking protection at Germany&#8217;s internal borders, the abolition of family reunification for those with subsidiary protection, forced returns to war and crisis zones, and the blanket detention of all persons required to leave the country, are not suited to address current societal challenges. They do not provide more security or additional affordable housing, daycare spaces, or equal educational opportunities, let alone a functioning healthcare system that adequately addresses mental health issues. Worse still, their clear illegality weakens our constitution and the value of European and international law.<\/p>\n<h5><span style=\"color: #ff1207;\"><strong>Therefore, we appeal to the representatives of the CDU: Commit to the human rights firewall and stand with us for social cohesion, the rule of law, democracy, and human rights.<\/strong><\/span><\/h5>\n<p>Please refrain from rhetoric and demands during the election campaign that further divide our society and incite hostility between people. In various EU countries, the consequences of authoritarian politics can be seen. There, a &#8220;us versus them&#8221; mentality is fueled, and politics targeting queer people, migrants, the unemployed, and other minorities is pursued. Violence at borders\u2014even against children\u2014has already become the norm. At the same time, the institutions of the rule of law are being undermined, the independence of the judiciary is under attack, and the work of lawyers and journalists is obstructed or restricted. As a conservative, Christian-democratic party, the CDU must stand against this and clearly distance itself.<\/p>\n<p>We have a choice: Do we want to remain an open, diverse, and democratic country that upholds the rights and freedoms of all and respects and protects people in their differences? Or do we return to a dark time when basic human and civil rights apply only to some and entire segments of the population are made scapegoats for societal problems?<\/p>\n<h5><span style=\"color: #ff1207;\">Political action is demonstrated through laws and measures that are realistic, values-based, and compliant with the law.<\/span><\/h5>\n<p>This is our expectation of the CDU\u2014both during the election campaign and especially when it comes to possible government responsibility. The undersigned associations and organizations call on the CDU leadership and all participants in the party congress: Stand by your Christian and democratic values and preserve the rule of law and human rights for the benefit of all people in Germany. Stand up for the human rights firewall\u2014with words and actions.<\/p>\n<p><span style=\"color: #ff1207;\"><strong>Signing Organizations (January 31, 2025, 10:00 AM)<\/strong><\/span><\/p>\n<h5>Federal Level<\/h5>\n<p>Aktion gegen den Hunger<br \/>Aktionsgemeinschaft Dienst f\u00fcr den Frieden (AGDF)<br \/>Amadeu Antonio Stiftung<br \/>Amnesty International Deutschland e.V.<br \/>Antidiskriminierungsverband Deutschland<br \/>Armut und Gesundheit in Deutschland e.V.<br \/>\u00c4rzte der Welt e.V.<br \/>AWO Bundesverband<br \/>BACK e.V.: Bundesverband Anonymer Behandlungsschein und Clearingstellen f\u00fcr Menschen ohne Krankenversicherung<br \/>BAfF &#8211; Bundesweite Arbeitsgemeinschaft der Psychosozialen Zentren f\u00fcr Fl\u00fcchtlinge und Folteropfer<br \/>borderline-europe Menschenrechte ohne Grenzen e.V.<br \/>Brot f\u00fcr die Welt<br \/>Bundesarbeitsgemeinschaft der Kinderschutz-Zentren<br \/>Bundesarbeitsgemeinschaft Katholische Jugendsozialarbeit<br \/>Bundesfachverband Minderj\u00e4hrigkeit und Flucht (BuMF) e.V.<br \/>Bundesweiter Koordinierungskreis gegen Menschenhandel &#8211; KOK e.V.<br \/>CARE Deutschland e.V.<br \/>Der Parit\u00e4tische Gesamtverband<br \/>Deutsche Gesellschaft f\u00fcr Public Health e.V.<br \/>Deutsche Gesellschaft f\u00fcr Systemische Therapie, Beratung und Familientherapie (DGSF e.V.)<br \/>Deutsche Sektion der Women&#8217;s International League for Peace and Freedom (WILPF)<br \/>Deutscher Caritasverband e.V.<br \/>Deutscher Frauenrat<br \/>Deutscher Hebammenverband e.V.<br \/>Deutsches Kinderhilfswerk e.V.<br \/>Evangelische Auslandsberatung<br \/>Fl\u00fcchtlingshilfe Iran e.V. 2010<br \/>FORUM MENSCHENRECHTE &#8211; Netzwerk deutscher Menschenrechtsorganisationen<br \/>GermanDream<br \/>Gesellschaft f\u00fcr bedrohte V\u00f6lker e.V. (GfbV)<br \/>Global Citizen<br \/>Goldnetz gGmbH<br \/>Handicap International e.V.<br \/>H\u00c1WAR.help<br \/>Humanistische Union e.V.<br \/>International Rescue Committee (IRC) Deutschland<br \/>IN VIA Katholischer Verband f\u00fcr M\u00e4dchen- und Frauensozialarbeit &#8211; Deutschland e.V.<br \/>IPPNW &#8211; Internationale \u00c4rzt*innen f\u00fcr die Verh\u00fctung des Atomkrieges \/ \u00c4rzt*innen in sozialer Verantwortung e.V.<br \/>Jesuiten-Fl\u00fcchtlingsdienst Deutschland<br \/>Jugendliche ohne Grenzen<br \/>JUMEN e.V. &#8211; Juristische Menschenrechtsarbeit in Deutschland<br \/>Kabul Luftbr\u00fccke<br \/>Kindernothilfe e.V.<br \/>Komitee f\u00fcr Grundrechte und Demokratie e.V.<br \/>Kritnet<br \/>LeaveNoOneBehind<br \/>LSVD+ &#8211; Verband Queere Vielfalt<br \/>medico international<br \/>MISSION LIFELINE International e.V.<br \/>Moving Cities<br \/>NRV (Neue Richter*innen Vereinigung)<br \/>\u00d6kumenische Bundesarbeitsgemeinschaft Asyl in der Kirche e.V.<br \/>Oxfam Deutschland e.V.<br \/>PRO ASYL Bundesweite Arbeitsgemeinschaft f\u00fcr Fl\u00fcchtlinge e.V.<br \/>Raphaelswerk e. V.<br \/>Republikanischer Anw\u00e4ltinnen &#8211; und Anw\u00e4lteverein e.V. (RAV)<br \/>Sea-Eye e.V.<br \/>SOLWODI Deutschland e.V.<br \/>Terre des Hommes Deutschland e.V.<br \/>United4Rescue \u2013 Gemeinsam retten e.V.<br \/>Verband binationaler Familien und Partnerschaften, iaf e.V.<br \/>Verein Demokratischer \u00c4rzt*innen<br \/>We&#8217;ll Come United<br \/>Weltwirtschaft, \u00d6kologie und Entwicklung e. V.<br \/>Zentrale Informationsstelle autonomer Frauenh\u00e4user<\/p>\n<h5><u>State level<\/u><\/h5>\n<p>#Rat zur Ausbildung<br \/>AG Diakonie in Rheinland-Pfalz<br \/>Aidshilfe Weimar &amp; Ostth\u00fcringen e.V.<br \/>Arbeiterwohlfahrt Landesverband Schleswig-Holstein e.V.<br \/>AWO Kreisverband M\u00fcnchen-Stadt e.V.<br \/>AWO LAG Brandenburg<br \/>AWO Landesverband Berlin e.V.<br \/>AWO Landesverband Saarland e.V.<br \/>AWO Landesverband Sachsen-Anhalt e.V.<br \/>AWO Ortsverein Kronshagen<br \/>AWO-Region-Harz e.v.<br \/>Ban Ying e.V.<br \/>Bayerischer Fl\u00fcchtlingsrat e.V.<br \/>Berliner Netzwerk f\u00fcr besonders schutzbed\u00fcrftige gefl\u00fcchtete Menschen (BNS)<br \/>Brot &amp; Rosen, Diak. Basisgemeinschaft e.V.<br \/>Caf\u00e9 104 e.V.<br \/>Caritasverband f\u00fcr das Bistum Essen e.V.<br \/>Caritasverband f\u00fcr das Erzbistum Paderborn e.V.<br \/>Caritasverband f\u00fcr die Di\u00f6zese Limburg e.V.<br \/>Caritasverband f\u00fcr die Di\u00f6zese M\u00fcnster e.V.<br \/>Caritasverband f\u00fcr die Di\u00f6zese M\u00fcnster e.V.<br \/>Caritasverband f\u00fcr die Erzdi\u00f6zese Bamberg e.V.<br \/>Caritas in Niedersachsen<br \/>colorido e.V. Plauen<br \/>Der Parit\u00e4tische Baden-W\u00fcrttemberg<br \/>Der Parit\u00e4tische Brandenburg e.V.<br \/>Der Parit\u00e4tische Hessen<br \/>Deutscher Parit\u00e4tischer Wohlfahrtsverband, Landesverband Sachsen e.V.<br \/>Diakonie Hessen<br \/>Diakonisches Werk Hamburg<br \/>Diakonisches Werk Schleswig-Holstein<br \/>Di\u00f6zesan-Caritasverband f\u00fcr das Erzbistum K\u00f6ln e.V.<br \/>Di\u00f6zesanrat der Katholik*innen im Bistum Aachen<br \/>Dorfliebe f\u00fcr alle! Saale-Orla-Kreis f\u00fcr Solidarit\u00e4t und Respekt<br \/>EmpowerMensch &#8211; Beratungszentrum gegen Diskriminierung<br \/>Ev. Kirche im Rheinland<br \/>Ev. Kirchenkreis Erfurt &#8211; B\u00fcro f\u00fcr ausl\u00e4ndische Mitb\u00fcrger:innen<br \/>Feministisches Netzwerk f\u00fcr Gesundheit Berlin<br \/>Fl\u00fcchtlingsrat Baden-W\u00fcrttemberg<br \/>Fl\u00fcchtlingsrat Berlin e.V.<br \/>Fl\u00fcchtlingsrat Brandenburg<br \/>Fl\u00fcchtlingsrat Niedersachsen e.V.<br \/>Fl\u00fcchtlingsrat NRW e.V.<br \/>Fl\u00fcchtlingsrat RLP e.V.<br \/>Fl\u00fcchtlingsrat Sachsen-Anhalt<br \/>Fl\u00fcchtlingsrat Schleswig-Holstein e.V.<br \/>Fl\u00fcchtlingsrat Th\u00fcringen e.V.<br \/>Gesundheitsmobil L\u00fcbeck<br \/>Hessischer Fl\u00fcchtlingsrat<br \/>IN VIA Bayern e.V. Katholischer Verband f\u00fcr M\u00e4dchen- und Frauensozialarbeit<br \/>KJHZ F\u00fcrth gGmbH<br \/>LAG Autonomer Frauenh\u00e4user Schleswig-Holstein<br \/>Landesarbeitsgemeinschaft der AWO NRW<br \/>Landesarbeitsgemeinschaft Jugendsozialarbeit NRW<br \/>Landesarbeitsgemeinschaft Katholische Jugendsozialarbeit NRW e.V.<br \/>Landesnetzwerk Migrantenorganisationen Sachsen-Anhalt e.V.<br \/>Landesverband der Migrant*innenorganisationen &#8211; MigraNetz Th\u00fcringen e.V.<br \/>Landesverband Diakonie Berlin-Brandenburg (DWBO)<br \/>Maa\u00dfen-Stiftungs-gGmbH<br \/>Medib\u00fcro Berlin<br \/>Medinetz Gie\u00dfen e.V.<br \/>Medinetz Hannover e.V.<br \/>MediNetz Koblenz e.V.<br \/>MediNetzBonn e.V.<br \/>NaturFreunde Berlin<br \/>N\u00fcrnberger Menschenrechtszentrum<br \/>\u00d6kumenewerk der Nordkirche<br \/>Parit\u00e4tischer Landesverband Rheinland-Pfalz\/Saarland<br \/>Parit\u00e4tischer Wohlfahrtsverband, Landesverband Bayern e.V.<br \/>PASSAGE gemeinn\u00fctzige Gesellschaft f\u00fcr Arbeit und Integration mbH<br \/>Runder Tisch Asyl und Migration in Potsdam Mittelmark<br \/>Saarl\u00e4ndischer Fl\u00fcchtlingsrat e.V.<br \/>S\u00e4chsischer Fl\u00fcchtlingsrat e.V.<br \/>Save the Children Deutschland e.V.<br \/>SJD &#8211; Die Falken NRW<br \/>SozDia Stiftung Berlin<br \/>STATTwerke e.V.<br \/>Th\u00fcringer Antidiskriminierungsnetzwerk &#8220;thadine&#8221;<br \/>Verein f\u00fcr Demokratische Kultur in Berlin (VDK) e.V.<br \/>VIA Regionalverband Berlin\/Brandenburg e.V.<\/p>\n<\/div><\/div><\/div><\/div><\/div>\n","protected":false},"excerpt":{"rendered":"","protected":false},"author":11,"featured_media":6391,"comment_status":"closed","ping_status":"closed","sticky":false,"template":"","format":"standard","meta":{"_jetpack_memberships_contains_paid_content":false,"footnotes":""},"categories":[44],"tags":[],"class_list":["post-6388","post","type-post","status-publish","format-standard","has-post-thumbnail","hentry","category-updates-en"],"yoast_head":"<!-- This site is optimized with the Yoast SEO plugin v27.5 - https:\/\/yoast.com\/product\/yoast-seo-wordpress\/ -->\n<title>Joint Appeal by 145 Federal and State Organizations for the 37th CDU Party Congress on February 3, 2025 - Kabul Luftbr\u00fccke<\/title>\n<meta name=\"robots\" content=\"index, follow, max-snippet:-1, max-image-preview:large, max-video-preview:-1\" \/>\n<link rel=\"canonical\" href=\"https:\/\/www.kabulluftbruecke.de\/en\/updates-en\/joint-appeal-by-145-federal-and-state-organizations-for-the-37th-cdu-party-congress-on-february-3-2025\/\" \/>\n<meta property=\"og:locale\" content=\"en_US\" \/>\n<meta property=\"og:type\" content=\"article\" \/>\n<meta property=\"og:title\" content=\"Joint Appeal by 145 Federal and State Organizations for the 37th CDU Party Congress on February 3, 2025 - Kabul Luftbr\u00fccke\" \/>\n<meta property=\"og:url\" content=\"https:\/\/www.kabulluftbruecke.de\/en\/updates-en\/joint-appeal-by-145-federal-and-state-organizations-for-the-37th-cdu-party-congress-on-february-3-2025\/\" \/>\n<meta property=\"og:site_name\" content=\"Kabul Luftbr\u00fccke\" \/>\n<meta property=\"article:publisher\" content=\"https:\/\/www.facebook.com\/kabulluftbruecke\/\" \/>\n<meta property=\"article:published_time\" content=\"2025-02-03T07:06:48+00:00\" \/>\n<meta property=\"og:image\" content=\"https:\/\/www.kabulluftbruecke.de\/wp-content\/uploads\/Humanitarian-rights-1.jpg\" \/>\n\t<meta property=\"og:image:width\" content=\"918\" \/>\n\t<meta property=\"og:image:height\" content=\"459\" \/>\n\t<meta property=\"og:image:type\" content=\"image\/jpeg\" \/>\n<meta name=\"author\" content=\"Vesna\" \/>\n<meta name=\"twitter:card\" content=\"summary_large_image\" \/>\n<meta name=\"twitter:creator\" content=\"@KabulLuftbrucke\" \/>\n<meta name=\"twitter:site\" content=\"@KabulLuftbrucke\" \/>\n<meta name=\"twitter:label1\" content=\"Written by\" \/>\n\t<meta name=\"twitter:data1\" content=\"Vesna\" \/>\n\t<meta name=\"twitter:label2\" content=\"Est. reading time\" \/>\n\t<meta name=\"twitter:data2\" content=\"7 minutes\" \/>\n<script type=\"application\/ld+json\" class=\"yoast-schema-graph\">{\"@context\":\"https:\\\/\\\/schema.org\",\"@graph\":[{\"@type\":\"Article\",\"@id\":\"https:\\\/\\\/www.kabulluftbruecke.de\\\/en\\\/updates-en\\\/joint-appeal-by-145-federal-and-state-organizations-for-the-37th-cdu-party-congress-on-february-3-2025\\\/#article\",\"isPartOf\":{\"@id\":\"https:\\\/\\\/www.kabulluftbruecke.de\\\/en\\\/updates-en\\\/joint-appeal-by-145-federal-and-state-organizations-for-the-37th-cdu-party-congress-on-february-3-2025\\\/\"},\"author\":{\"name\":\"Vesna\",\"@id\":\"https:\\\/\\\/www.kabulluftbruecke.de\\\/en\\\/#\\\/schema\\\/person\\\/6251b82030b490f7b3ff45ece423c728\"},\"headline\":\"Joint Appeal by 145 Federal and State Organizations for the 37th CDU Party Congress on February 3, 2025\",\"datePublished\":\"2025-02-03T07:06:48+00:00\",\"mainEntityOfPage\":{\"@id\":\"https:\\\/\\\/www.kabulluftbruecke.de\\\/en\\\/updates-en\\\/joint-appeal-by-145-federal-and-state-organizations-for-the-37th-cdu-party-congress-on-february-3-2025\\\/\"},\"wordCount\":2394,\"publisher\":{\"@id\":\"https:\\\/\\\/www.kabulluftbruecke.de\\\/en\\\/#organization\"},\"image\":{\"@id\":\"https:\\\/\\\/www.kabulluftbruecke.de\\\/en\\\/updates-en\\\/joint-appeal-by-145-federal-and-state-organizations-for-the-37th-cdu-party-congress-on-february-3-2025\\\/#primaryimage\"},\"thumbnailUrl\":\"https:\\\/\\\/www.kabulluftbruecke.de\\\/wp-content\\\/uploads\\\/Humanitarian-rights-1.jpg\",\"articleSection\":[\"Updates\"],\"inLanguage\":\"en-US\"},{\"@type\":\"WebPage\",\"@id\":\"https:\\\/\\\/www.kabulluftbruecke.de\\\/en\\\/updates-en\\\/joint-appeal-by-145-federal-and-state-organizations-for-the-37th-cdu-party-congress-on-february-3-2025\\\/\",\"url\":\"https:\\\/\\\/www.kabulluftbruecke.de\\\/en\\\/updates-en\\\/joint-appeal-by-145-federal-and-state-organizations-for-the-37th-cdu-party-congress-on-february-3-2025\\\/\",\"name\":\"Joint Appeal by 145 Federal and State Organizations for the 37th CDU Party Congress on February 3, 2025 - Kabul Luftbr\u00fccke\",\"isPartOf\":{\"@id\":\"https:\\\/\\\/www.kabulluftbruecke.de\\\/en\\\/#website\"},\"primaryImageOfPage\":{\"@id\":\"https:\\\/\\\/www.kabulluftbruecke.de\\\/en\\\/updates-en\\\/joint-appeal-by-145-federal-and-state-organizations-for-the-37th-cdu-party-congress-on-february-3-2025\\\/#primaryimage\"},\"image\":{\"@id\":\"https:\\\/\\\/www.kabulluftbruecke.de\\\/en\\\/updates-en\\\/joint-appeal-by-145-federal-and-state-organizations-for-the-37th-cdu-party-congress-on-february-3-2025\\\/#primaryimage\"},\"thumbnailUrl\":\"https:\\\/\\\/www.kabulluftbruecke.de\\\/wp-content\\\/uploads\\\/Humanitarian-rights-1.jpg\",\"datePublished\":\"2025-02-03T07:06:48+00:00\",\"breadcrumb\":{\"@id\":\"https:\\\/\\\/www.kabulluftbruecke.de\\\/en\\\/updates-en\\\/joint-appeal-by-145-federal-and-state-organizations-for-the-37th-cdu-party-congress-on-february-3-2025\\\/#breadcrumb\"},\"inLanguage\":\"en-US\",\"potentialAction\":[{\"@type\":\"ReadAction\",\"target\":[\"https:\\\/\\\/www.kabulluftbruecke.de\\\/en\\\/updates-en\\\/joint-appeal-by-145-federal-and-state-organizations-for-the-37th-cdu-party-congress-on-february-3-2025\\\/\"]}]},{\"@type\":\"ImageObject\",\"inLanguage\":\"en-US\",\"@id\":\"https:\\\/\\\/www.kabulluftbruecke.de\\\/en\\\/updates-en\\\/joint-appeal-by-145-federal-and-state-organizations-for-the-37th-cdu-party-congress-on-february-3-2025\\\/#primaryimage\",\"url\":\"https:\\\/\\\/www.kabulluftbruecke.de\\\/wp-content\\\/uploads\\\/Humanitarian-rights-1.jpg\",\"contentUrl\":\"https:\\\/\\\/www.kabulluftbruecke.de\\\/wp-content\\\/uploads\\\/Humanitarian-rights-1.jpg\",\"width\":918,\"height\":459},{\"@type\":\"BreadcrumbList\",\"@id\":\"https:\\\/\\\/www.kabulluftbruecke.de\\\/en\\\/updates-en\\\/joint-appeal-by-145-federal-and-state-organizations-for-the-37th-cdu-party-congress-on-february-3-2025\\\/#breadcrumb\",\"itemListElement\":[{\"@type\":\"ListItem\",\"position\":1,\"name\":\"Startseite\",\"item\":\"https:\\\/\\\/www.kabulluftbruecke.de\\\/en\\\/\"},{\"@type\":\"ListItem\",\"position\":2,\"name\":\"Joint Appeal by 145 Federal and State Organizations for the 37th CDU Party Congress on February 3, 2025\"}]},{\"@type\":\"WebSite\",\"@id\":\"https:\\\/\\\/www.kabulluftbruecke.de\\\/en\\\/#website\",\"url\":\"https:\\\/\\\/www.kabulluftbruecke.de\\\/en\\\/\",\"name\":\"Kabul Luftbr\u00fccke\",\"description\":\"Unterst\u00fctze und fordere die Rettung aller Gef\u00e4hrdeten aus Afghanistan\",\"publisher\":{\"@id\":\"https:\\\/\\\/www.kabulluftbruecke.de\\\/en\\\/#organization\"},\"potentialAction\":[{\"@type\":\"SearchAction\",\"target\":{\"@type\":\"EntryPoint\",\"urlTemplate\":\"https:\\\/\\\/www.kabulluftbruecke.de\\\/en\\\/?s={search_term_string}\"},\"query-input\":{\"@type\":\"PropertyValueSpecification\",\"valueRequired\":true,\"valueName\":\"search_term_string\"}}],\"inLanguage\":\"en-US\"},{\"@type\":\"Organization\",\"@id\":\"https:\\\/\\\/www.kabulluftbruecke.de\\\/en\\\/#organization\",\"name\":\"Kabul Luftbr\u00fccke\",\"url\":\"https:\\\/\\\/www.kabulluftbruecke.de\\\/en\\\/\",\"logo\":{\"@type\":\"ImageObject\",\"inLanguage\":\"en-US\",\"@id\":\"https:\\\/\\\/www.kabulluftbruecke.de\\\/en\\\/#\\\/schema\\\/logo\\\/image\\\/\",\"url\":\"https:\\\/\\\/www.kabulluftbruecke.de\\\/wp-content\\\/uploads\\\/Luftbruecke.png\",\"contentUrl\":\"https:\\\/\\\/www.kabulluftbruecke.de\\\/wp-content\\\/uploads\\\/Luftbruecke.png\",\"width\":709,\"height\":185,\"caption\":\"Kabul Luftbr\u00fccke\"},\"image\":{\"@id\":\"https:\\\/\\\/www.kabulluftbruecke.de\\\/en\\\/#\\\/schema\\\/logo\\\/image\\\/\"},\"sameAs\":[\"https:\\\/\\\/www.facebook.com\\\/kabulluftbruecke\\\/\",\"https:\\\/\\\/x.com\\\/KabulLuftbrucke\",\"https:\\\/\\\/www.instagram.com\\\/kabul_luftbruecke\\\/\"]},{\"@type\":\"Person\",\"@id\":\"https:\\\/\\\/www.kabulluftbruecke.de\\\/en\\\/#\\\/schema\\\/person\\\/6251b82030b490f7b3ff45ece423c728\",\"name\":\"Vesna\",\"url\":\"https:\\\/\\\/www.kabulluftbruecke.de\\\/en\\\/author\\\/anna\\\/\"}]}<\/script>\n<!-- \/ Yoast SEO plugin. -->","yoast_head_json":{"title":"Joint Appeal by 145 Federal and State Organizations for the 37th CDU Party Congress on February 3, 2025 - Kabul Luftbr\u00fccke","robots":{"index":"index","follow":"follow","max-snippet":"max-snippet:-1","max-image-preview":"max-image-preview:large","max-video-preview":"max-video-preview:-1"},"canonical":"https:\/\/www.kabulluftbruecke.de\/en\/updates-en\/joint-appeal-by-145-federal-and-state-organizations-for-the-37th-cdu-party-congress-on-february-3-2025\/","og_locale":"en_US","og_type":"article","og_title":"Joint Appeal by 145 Federal and State Organizations for the 37th CDU Party Congress on February 3, 2025 - Kabul Luftbr\u00fccke","og_url":"https:\/\/www.kabulluftbruecke.de\/en\/updates-en\/joint-appeal-by-145-federal-and-state-organizations-for-the-37th-cdu-party-congress-on-february-3-2025\/","og_site_name":"Kabul Luftbr\u00fccke","article_publisher":"https:\/\/www.facebook.com\/kabulluftbruecke\/","article_published_time":"2025-02-03T07:06:48+00:00","og_image":[{"width":918,"height":459,"url":"https:\/\/www.kabulluftbruecke.de\/wp-content\/uploads\/Humanitarian-rights-1.jpg","type":"image\/jpeg"}],"author":"Vesna","twitter_card":"summary_large_image","twitter_creator":"@KabulLuftbrucke","twitter_site":"@KabulLuftbrucke","twitter_misc":{"Written by":"Vesna","Est. reading time":"7 minutes"},"schema":{"@context":"https:\/\/schema.org","@graph":[{"@type":"Article","@id":"https:\/\/www.kabulluftbruecke.de\/en\/updates-en\/joint-appeal-by-145-federal-and-state-organizations-for-the-37th-cdu-party-congress-on-february-3-2025\/#article","isPartOf":{"@id":"https:\/\/www.kabulluftbruecke.de\/en\/updates-en\/joint-appeal-by-145-federal-and-state-organizations-for-the-37th-cdu-party-congress-on-february-3-2025\/"},"author":{"name":"Vesna","@id":"https:\/\/www.kabulluftbruecke.de\/en\/#\/schema\/person\/6251b82030b490f7b3ff45ece423c728"},"headline":"Joint Appeal by 145 Federal and State Organizations for the 37th CDU Party Congress on February 3, 2025","datePublished":"2025-02-03T07:06:48+00:00","mainEntityOfPage":{"@id":"https:\/\/www.kabulluftbruecke.de\/en\/updates-en\/joint-appeal-by-145-federal-and-state-organizations-for-the-37th-cdu-party-congress-on-february-3-2025\/"},"wordCount":2394,"publisher":{"@id":"https:\/\/www.kabulluftbruecke.de\/en\/#organization"},"image":{"@id":"https:\/\/www.kabulluftbruecke.de\/en\/updates-en\/joint-appeal-by-145-federal-and-state-organizations-for-the-37th-cdu-party-congress-on-february-3-2025\/#primaryimage"},"thumbnailUrl":"https:\/\/www.kabulluftbruecke.de\/wp-content\/uploads\/Humanitarian-rights-1.jpg","articleSection":["Updates"],"inLanguage":"en-US"},{"@type":"WebPage","@id":"https:\/\/www.kabulluftbruecke.de\/en\/updates-en\/joint-appeal-by-145-federal-and-state-organizations-for-the-37th-cdu-party-congress-on-february-3-2025\/","url":"https:\/\/www.kabulluftbruecke.de\/en\/updates-en\/joint-appeal-by-145-federal-and-state-organizations-for-the-37th-cdu-party-congress-on-february-3-2025\/","name":"Joint Appeal by 145 Federal and State Organizations for the 37th CDU Party Congress on February 3, 2025 - Kabul Luftbr\u00fccke","isPartOf":{"@id":"https:\/\/www.kabulluftbruecke.de\/en\/#website"},"primaryImageOfPage":{"@id":"https:\/\/www.kabulluftbruecke.de\/en\/updates-en\/joint-appeal-by-145-federal-and-state-organizations-for-the-37th-cdu-party-congress-on-february-3-2025\/#primaryimage"},"image":{"@id":"https:\/\/www.kabulluftbruecke.de\/en\/updates-en\/joint-appeal-by-145-federal-and-state-organizations-for-the-37th-cdu-party-congress-on-february-3-2025\/#primaryimage"},"thumbnailUrl":"https:\/\/www.kabulluftbruecke.de\/wp-content\/uploads\/Humanitarian-rights-1.jpg","datePublished":"2025-02-03T07:06:48+00:00","breadcrumb":{"@id":"https:\/\/www.kabulluftbruecke.de\/en\/updates-en\/joint-appeal-by-145-federal-and-state-organizations-for-the-37th-cdu-party-congress-on-february-3-2025\/#breadcrumb"},"inLanguage":"en-US","potentialAction":[{"@type":"ReadAction","target":["https:\/\/www.kabulluftbruecke.de\/en\/updates-en\/joint-appeal-by-145-federal-and-state-organizations-for-the-37th-cdu-party-congress-on-february-3-2025\/"]}]},{"@type":"ImageObject","inLanguage":"en-US","@id":"https:\/\/www.kabulluftbruecke.de\/en\/updates-en\/joint-appeal-by-145-federal-and-state-organizations-for-the-37th-cdu-party-congress-on-february-3-2025\/#primaryimage","url":"https:\/\/www.kabulluftbruecke.de\/wp-content\/uploads\/Humanitarian-rights-1.jpg","contentUrl":"https:\/\/www.kabulluftbruecke.de\/wp-content\/uploads\/Humanitarian-rights-1.jpg","width":918,"height":459},{"@type":"BreadcrumbList","@id":"https:\/\/www.kabulluftbruecke.de\/en\/updates-en\/joint-appeal-by-145-federal-and-state-organizations-for-the-37th-cdu-party-congress-on-february-3-2025\/#breadcrumb","itemListElement":[{"@type":"ListItem","position":1,"name":"Startseite","item":"https:\/\/www.kabulluftbruecke.de\/en\/"},{"@type":"ListItem","position":2,"name":"Joint Appeal by 145 Federal and State Organizations for the 37th CDU Party Congress on February 3, 2025"}]},{"@type":"WebSite","@id":"https:\/\/www.kabulluftbruecke.de\/en\/#website","url":"https:\/\/www.kabulluftbruecke.de\/en\/","name":"Kabul Luftbr\u00fccke","description":"Unterst\u00fctze und fordere die Rettung aller Gef\u00e4hrdeten aus Afghanistan","publisher":{"@id":"https:\/\/www.kabulluftbruecke.de\/en\/#organization"},"potentialAction":[{"@type":"SearchAction","target":{"@type":"EntryPoint","urlTemplate":"https:\/\/www.kabulluftbruecke.de\/en\/?s={search_term_string}"},"query-input":{"@type":"PropertyValueSpecification","valueRequired":true,"valueName":"search_term_string"}}],"inLanguage":"en-US"},{"@type":"Organization","@id":"https:\/\/www.kabulluftbruecke.de\/en\/#organization","name":"Kabul Luftbr\u00fccke","url":"https:\/\/www.kabulluftbruecke.de\/en\/","logo":{"@type":"ImageObject","inLanguage":"en-US","@id":"https:\/\/www.kabulluftbruecke.de\/en\/#\/schema\/logo\/image\/","url":"https:\/\/www.kabulluftbruecke.de\/wp-content\/uploads\/Luftbruecke.png","contentUrl":"https:\/\/www.kabulluftbruecke.de\/wp-content\/uploads\/Luftbruecke.png","width":709,"height":185,"caption":"Kabul Luftbr\u00fccke"},"image":{"@id":"https:\/\/www.kabulluftbruecke.de\/en\/#\/schema\/logo\/image\/"},"sameAs":["https:\/\/www.facebook.com\/kabulluftbruecke\/","https:\/\/x.com\/KabulLuftbrucke","https:\/\/www.instagram.com\/kabul_luftbruecke\/"]},{"@type":"Person","@id":"https:\/\/www.kabulluftbruecke.de\/en\/#\/schema\/person\/6251b82030b490f7b3ff45ece423c728","name":"Vesna","url":"https:\/\/www.kabulluftbruecke.de\/en\/author\/anna\/"}]}},"jetpack_featured_media_url":"https:\/\/www.kabulluftbruecke.de\/wp-content\/uploads\/Humanitarian-rights-1.jpg","jetpack_sharing_enabled":true,"_links":{"self":[{"href":"https:\/\/www.kabulluftbruecke.de\/en\/wp-json\/wp\/v2\/posts\/6388","targetHints":{"allow":["GET"]}}],"collection":[{"href":"https:\/\/www.kabulluftbruecke.de\/en\/wp-json\/wp\/v2\/posts"}],"about":[{"href":"https:\/\/www.kabulluftbruecke.de\/en\/wp-json\/wp\/v2\/types\/post"}],"author":[{"embeddable":true,"href":"https:\/\/www.kabulluftbruecke.de\/en\/wp-json\/wp\/v2\/users\/11"}],"replies":[{"embeddable":true,"href":"https:\/\/www.kabulluftbruecke.de\/en\/wp-json\/wp\/v2\/comments?post=6388"}],"version-history":[{"count":0,"href":"https:\/\/www.kabulluftbruecke.de\/en\/wp-json\/wp\/v2\/posts\/6388\/revisions"}],"wp:featuredmedia":[{"embeddable":true,"href":"https:\/\/www.kabulluftbruecke.de\/en\/wp-json\/wp\/v2\/media\/6391"}],"wp:attachment":[{"href":"https:\/\/www.kabulluftbruecke.de\/en\/wp-json\/wp\/v2\/media?parent=6388"}],"wp:term":[{"taxonomy":"category","embeddable":true,"href":"https:\/\/www.kabulluftbruecke.de\/en\/wp-json\/wp\/v2\/categories?post=6388"},{"taxonomy":"post_tag","embeddable":true,"href":"https:\/\/www.kabulluftbruecke.de\/en\/wp-json\/wp\/v2\/tags?post=6388"}],"curies":[{"name":"wp","href":"https:\/\/api.w.org\/{rel}","templated":true}]}}