{"id":6922,"date":"2025-08-24T10:35:13","date_gmt":"2025-08-24T08:35:13","guid":{"rendered":"https:\/\/www.kabulluftbruecke.de\/?p=6922"},"modified":"2025-09-15T10:08:04","modified_gmt":"2025-09-15T08:08:04","slug":"courts-force-departures-federal-government-continues-to-block-4-september-2025","status":"publish","type":"post","link":"https:\/\/www.kabulluftbruecke.de\/en\/updates-en\/courts-force-departures-federal-government-continues-to-block-4-september-2025\/","title":{"rendered":"Courts Force Departures \u2013 Federal Government Continues to Block \u2013 24 August 2025"},"content":{"rendered":"<h2 data-start=\"289\" data-end=\"363\">First Departures Possible \u2013 Federal Government Moves Only Under Pressure<\/h2>\n<p data-start=\"365\" data-end=\"665\">After hundreds of Afghans with German admission commitments were arrested in Pakistan last week and more than 200 of them were deported to Afghanistan (cf. press release of 19.08.), it now appears that the first departures could take place \u2013 possibly as early as next week.<\/p>\n<p data-start=\"667\" data-end=\"1081\">However, the fact that the Federal Government is taking action is solely due to massive pressure from the courts and lawyers. Only after positive rulings from the Berlin Administrative Court and the Higher Administrative Court Berlin-Brandenburg, and under threat of fines, were the affected individuals contacted. These are cases with fully completed admission procedures.<\/p>\n<hr data-start=\"1083\" data-end=\"1086\" \/>\n<h2 data-start=\"1088\" data-end=\"1131\">Delay Tactics Despite Acute Danger<\/h2>\n<p data-start=\"1133\" data-end=\"1373\">Instead of proactively acting in the other ongoing cases, the Federal Government continues to buy time:<br data-start=\"1240\" data-end=\"1243\" \/>In ongoing proceedings, it exhausts all deadlines until the very last moment, knowingly putting people in danger.<\/p>\n<p data-start=\"1375\" data-end=\"1666\">This continues the pattern that has already been visible in recent weeks: Only a few days before the mass deportations, the Federal Government claimed in court that there was no danger for asylum seekers in Pakistan \u2013 despite expired deadlines set by the Pakistani authorities.<\/p>\n<hr data-start=\"1668\" data-end=\"1671\" \/>\n<h2 data-start=\"1673\" data-end=\"1717\">Standstill in Security Checks<\/h2>\n<p data-start=\"1719\" data-end=\"1866\">Since the new government took office at the beginning of May, no security checks have been carried out at the German embassy in Islamabad.<\/p>\n<p data-start=\"1868\" data-end=\"2293\">This self-induced standstill shows that the Federal Government is not \u2013 as Mr. Dobrindt claims \u2013 interested in a thorough review of the cases. Only after more than 200 people were deported and over 400 arrested does the Federal Government send staff again. And even now, the procedures are expected to take several months \u2013 after people have already been waiting in Pakistan for one to two years.<\/p>\n<p data-start=\"2295\" data-end=\"2420\">Even basic measures to protect people are carried out only under pressure and must first be enforced through the courts.<\/p>\n<hr data-start=\"2422\" data-end=\"2425\" \/>\n<h2 data-start=\"2427\" data-end=\"2455\">Dangerous Double Standards<\/h2>\n<p data-start=\"2457\" data-end=\"2728\">CSU politician Alexander Dobrindt once again emphasized today at the citizen dialogue that migration must be controlled. At the same time, his party is advocating for the abolition of the <strong data-start=\"2625\" data-end=\"2664\">Federal Admission Program Afghanistan<\/strong> \u2013 the very program that ensures this control:<\/p>\n<p data-start=\"2730\" data-end=\"2897\">Individuals are screened by various authorities and, even before entering Germany, undergo a multi-stage security process in a third country.<\/p>\n<hr data-start=\"2899\" data-end=\"2902\" \/>\n<h2 data-start=\"2904\" data-end=\"2914\">Conclusion<\/h2>\n<p data-start=\"2916\" data-end=\"3152\">The Federal Government acts not out of its own responsibility, but only under pressure from the courts.<br data-start=\"3015\" data-end=\"3018\" \/>Instead of ensuring timely safety for asylum seekers, it continues to endanger their lives through delay tactics.<\/p>\n","protected":false},"excerpt":{"rendered":"<p>First Departures Possible \u2013 Federal Government Moves Only Under Pressure  [&#8230;]<\/p>\n","protected":false},"author":14,"featured_media":6918,"comment_status":"closed","ping_status":"closed","sticky":false,"template":"","format":"standard","meta":{"_jetpack_memberships_contains_paid_content":false,"footnotes":""},"categories":[44],"tags":[],"class_list":["post-6922","post","type-post","status-publish","format-standard","has-post-thumbnail","hentry","category-updates-en"],"yoast_head":"<!-- This site is optimized with the Yoast SEO plugin v27.5 - https:\/\/yoast.com\/product\/yoast-seo-wordpress\/ -->\n<title>Courts Force Departures \u2013 Federal Government Continues to Block \u2013 24 August 2025 - Kabul Luftbr\u00fccke<\/title>\n<meta name=\"robots\" content=\"index, follow, max-snippet:-1, max-image-preview:large, max-video-preview:-1\" \/>\n<link rel=\"canonical\" href=\"https:\/\/www.kabulluftbruecke.de\/en\/updates-en\/courts-force-departures-federal-government-continues-to-block-4-september-2025\/\" \/>\n<meta property=\"og:locale\" content=\"en_US\" \/>\n<meta property=\"og:type\" content=\"article\" \/>\n<meta property=\"og:title\" content=\"Courts Force Departures \u2013 Federal Government Continues to Block \u2013 24 August 2025 - Kabul Luftbr\u00fccke\" \/>\n<meta property=\"og:description\" content=\"First Departures Possible \u2013 Federal Government Moves Only Under Pressure [...]\" \/>\n<meta property=\"og:url\" content=\"https:\/\/www.kabulluftbruecke.de\/en\/updates-en\/courts-force-departures-federal-government-continues-to-block-4-september-2025\/\" \/>\n<meta property=\"og:site_name\" content=\"Kabul Luftbr\u00fccke\" \/>\n<meta property=\"article:publisher\" content=\"https:\/\/www.facebook.com\/kabulluftbruecke\/\" \/>\n<meta property=\"article:published_time\" content=\"2025-08-24T08:35:13+00:00\" \/>\n<meta property=\"article:modified_time\" content=\"2025-09-15T08:08:04+00:00\" \/>\n<meta property=\"og:image\" content=\"https:\/\/www.kabulluftbruecke.de\/wp-content\/uploads\/Press-relase-web.jpg\" \/>\n\t<meta property=\"og:image:width\" content=\"1200\" \/>\n\t<meta property=\"og:image:height\" content=\"630\" \/>\n\t<meta property=\"og:image:type\" content=\"image\/jpeg\" \/>\n<meta name=\"author\" content=\"Konstantin\" \/>\n<meta name=\"twitter:card\" content=\"summary_large_image\" \/>\n<meta name=\"twitter:creator\" content=\"@KabulLuftbrucke\" \/>\n<meta name=\"twitter:site\" content=\"@KabulLuftbrucke\" \/>\n<meta name=\"twitter:label1\" content=\"Written by\" \/>\n\t<meta name=\"twitter:data1\" content=\"Konstantin\" \/>\n\t<meta name=\"twitter:label2\" content=\"Est. reading time\" \/>\n\t<meta name=\"twitter:data2\" content=\"3 minutes\" \/>\n<script type=\"application\/ld+json\" class=\"yoast-schema-graph\">{\"@context\":\"https:\\\/\\\/schema.org\",\"@graph\":[{\"@type\":\"Article\",\"@id\":\"https:\\\/\\\/www.kabulluftbruecke.de\\\/en\\\/updates-en\\\/courts-force-departures-federal-government-continues-to-block-4-september-2025\\\/#article\",\"isPartOf\":{\"@id\":\"https:\\\/\\\/www.kabulluftbruecke.de\\\/en\\\/updates-en\\\/courts-force-departures-federal-government-continues-to-block-4-september-2025\\\/\"},\"author\":{\"name\":\"Konstantin\",\"@id\":\"https:\\\/\\\/www.kabulluftbruecke.de\\\/en\\\/#\\\/schema\\\/person\\\/a85bc6065aa7c3e1a6eb92479ecfc148\"},\"headline\":\"Courts Force Departures \u2013 Federal Government Continues to Block \u2013 24 August 2025\",\"datePublished\":\"2025-08-24T08:35:13+00:00\",\"dateModified\":\"2025-09-15T08:08:04+00:00\",\"mainEntityOfPage\":{\"@id\":\"https:\\\/\\\/www.kabulluftbruecke.de\\\/en\\\/updates-en\\\/courts-force-departures-federal-government-continues-to-block-4-september-2025\\\/\"},\"wordCount\":407,\"publisher\":{\"@id\":\"https:\\\/\\\/www.kabulluftbruecke.de\\\/en\\\/#organization\"},\"image\":{\"@id\":\"https:\\\/\\\/www.kabulluftbruecke.de\\\/en\\\/updates-en\\\/courts-force-departures-federal-government-continues-to-block-4-september-2025\\\/#primaryimage\"},\"thumbnailUrl\":\"https:\\\/\\\/www.kabulluftbruecke.de\\\/wp-content\\\/uploads\\\/Press-relase-web.jpg\",\"articleSection\":[\"Updates\"],\"inLanguage\":\"en-US\"},{\"@type\":\"WebPage\",\"@id\":\"https:\\\/\\\/www.kabulluftbruecke.de\\\/en\\\/updates-en\\\/courts-force-departures-federal-government-continues-to-block-4-september-2025\\\/\",\"url\":\"https:\\\/\\\/www.kabulluftbruecke.de\\\/en\\\/updates-en\\\/courts-force-departures-federal-government-continues-to-block-4-september-2025\\\/\",\"name\":\"Courts Force Departures \u2013 Federal Government Continues to Block \u2013 24 August 2025 - Kabul Luftbr\u00fccke\",\"isPartOf\":{\"@id\":\"https:\\\/\\\/www.kabulluftbruecke.de\\\/en\\\/#website\"},\"primaryImageOfPage\":{\"@id\":\"https:\\\/\\\/www.kabulluftbruecke.de\\\/en\\\/updates-en\\\/courts-force-departures-federal-government-continues-to-block-4-september-2025\\\/#primaryimage\"},\"image\":{\"@id\":\"https:\\\/\\\/www.kabulluftbruecke.de\\\/en\\\/updates-en\\\/courts-force-departures-federal-government-continues-to-block-4-september-2025\\\/#primaryimage\"},\"thumbnailUrl\":\"https:\\\/\\\/www.kabulluftbruecke.de\\\/wp-content\\\/uploads\\\/Press-relase-web.jpg\",\"datePublished\":\"2025-08-24T08:35:13+00:00\",\"dateModified\":\"2025-09-15T08:08:04+00:00\",\"breadcrumb\":{\"@id\":\"https:\\\/\\\/www.kabulluftbruecke.de\\\/en\\\/updates-en\\\/courts-force-departures-federal-government-continues-to-block-4-september-2025\\\/#breadcrumb\"},\"inLanguage\":\"en-US\",\"potentialAction\":[{\"@type\":\"ReadAction\",\"target\":[\"https:\\\/\\\/www.kabulluftbruecke.de\\\/en\\\/updates-en\\\/courts-force-departures-federal-government-continues-to-block-4-september-2025\\\/\"]}]},{\"@type\":\"ImageObject\",\"inLanguage\":\"en-US\",\"@id\":\"https:\\\/\\\/www.kabulluftbruecke.de\\\/en\\\/updates-en\\\/courts-force-departures-federal-government-continues-to-block-4-september-2025\\\/#primaryimage\",\"url\":\"https:\\\/\\\/www.kabulluftbruecke.de\\\/wp-content\\\/uploads\\\/Press-relase-web.jpg\",\"contentUrl\":\"https:\\\/\\\/www.kabulluftbruecke.de\\\/wp-content\\\/uploads\\\/Press-relase-web.jpg\",\"width\":1200,\"height\":630},{\"@type\":\"BreadcrumbList\",\"@id\":\"https:\\\/\\\/www.kabulluftbruecke.de\\\/en\\\/updates-en\\\/courts-force-departures-federal-government-continues-to-block-4-september-2025\\\/#breadcrumb\",\"itemListElement\":[{\"@type\":\"ListItem\",\"position\":1,\"name\":\"Startseite\",\"item\":\"https:\\\/\\\/www.kabulluftbruecke.de\\\/en\\\/\"},{\"@type\":\"ListItem\",\"position\":2,\"name\":\"Courts Force Departures \u2013 Federal Government Continues to Block \u2013 24 August 2025\"}]},{\"@type\":\"WebSite\",\"@id\":\"https:\\\/\\\/www.kabulluftbruecke.de\\\/en\\\/#website\",\"url\":\"https:\\\/\\\/www.kabulluftbruecke.de\\\/en\\\/\",\"name\":\"Kabul Luftbr\u00fccke\",\"description\":\"Unterst\u00fctze und fordere die Rettung aller Gef\u00e4hrdeten aus Afghanistan\",\"publisher\":{\"@id\":\"https:\\\/\\\/www.kabulluftbruecke.de\\\/en\\\/#organization\"},\"potentialAction\":[{\"@type\":\"SearchAction\",\"target\":{\"@type\":\"EntryPoint\",\"urlTemplate\":\"https:\\\/\\\/www.kabulluftbruecke.de\\\/en\\\/?s={search_term_string}\"},\"query-input\":{\"@type\":\"PropertyValueSpecification\",\"valueRequired\":true,\"valueName\":\"search_term_string\"}}],\"inLanguage\":\"en-US\"},{\"@type\":\"Organization\",\"@id\":\"https:\\\/\\\/www.kabulluftbruecke.de\\\/en\\\/#organization\",\"name\":\"Kabul Luftbr\u00fccke\",\"url\":\"https:\\\/\\\/www.kabulluftbruecke.de\\\/en\\\/\",\"logo\":{\"@type\":\"ImageObject\",\"inLanguage\":\"en-US\",\"@id\":\"https:\\\/\\\/www.kabulluftbruecke.de\\\/en\\\/#\\\/schema\\\/logo\\\/image\\\/\",\"url\":\"https:\\\/\\\/www.kabulluftbruecke.de\\\/wp-content\\\/uploads\\\/Luftbruecke.png\",\"contentUrl\":\"https:\\\/\\\/www.kabulluftbruecke.de\\\/wp-content\\\/uploads\\\/Luftbruecke.png\",\"width\":709,\"height\":185,\"caption\":\"Kabul Luftbr\u00fccke\"},\"image\":{\"@id\":\"https:\\\/\\\/www.kabulluftbruecke.de\\\/en\\\/#\\\/schema\\\/logo\\\/image\\\/\"},\"sameAs\":[\"https:\\\/\\\/www.facebook.com\\\/kabulluftbruecke\\\/\",\"https:\\\/\\\/x.com\\\/KabulLuftbrucke\",\"https:\\\/\\\/www.instagram.com\\\/kabul_luftbruecke\\\/\"]},{\"@type\":\"Person\",\"@id\":\"https:\\\/\\\/www.kabulluftbruecke.de\\\/en\\\/#\\\/schema\\\/person\\\/a85bc6065aa7c3e1a6eb92479ecfc148\",\"name\":\"Konstantin\",\"url\":\"https:\\\/\\\/www.kabulluftbruecke.de\\\/en\\\/author\\\/konstantin\\\/\"}]}<\/script>\n<!-- \/ Yoast SEO plugin. -->","yoast_head_json":{"title":"Courts Force Departures \u2013 Federal Government Continues to Block \u2013 24 August 2025 - Kabul Luftbr\u00fccke","robots":{"index":"index","follow":"follow","max-snippet":"max-snippet:-1","max-image-preview":"max-image-preview:large","max-video-preview":"max-video-preview:-1"},"canonical":"https:\/\/www.kabulluftbruecke.de\/en\/updates-en\/courts-force-departures-federal-government-continues-to-block-4-september-2025\/","og_locale":"en_US","og_type":"article","og_title":"Courts Force Departures \u2013 Federal Government Continues to Block \u2013 24 August 2025 - Kabul Luftbr\u00fccke","og_description":"First Departures Possible \u2013 Federal Government Moves Only Under Pressure [...]","og_url":"https:\/\/www.kabulluftbruecke.de\/en\/updates-en\/courts-force-departures-federal-government-continues-to-block-4-september-2025\/","og_site_name":"Kabul Luftbr\u00fccke","article_publisher":"https:\/\/www.facebook.com\/kabulluftbruecke\/","article_published_time":"2025-08-24T08:35:13+00:00","article_modified_time":"2025-09-15T08:08:04+00:00","og_image":[{"width":1200,"height":630,"url":"https:\/\/www.kabulluftbruecke.de\/wp-content\/uploads\/Press-relase-web.jpg","type":"image\/jpeg"}],"author":"Konstantin","twitter_card":"summary_large_image","twitter_creator":"@KabulLuftbrucke","twitter_site":"@KabulLuftbrucke","twitter_misc":{"Written by":"Konstantin","Est. reading time":"3 minutes"},"schema":{"@context":"https:\/\/schema.org","@graph":[{"@type":"Article","@id":"https:\/\/www.kabulluftbruecke.de\/en\/updates-en\/courts-force-departures-federal-government-continues-to-block-4-september-2025\/#article","isPartOf":{"@id":"https:\/\/www.kabulluftbruecke.de\/en\/updates-en\/courts-force-departures-federal-government-continues-to-block-4-september-2025\/"},"author":{"name":"Konstantin","@id":"https:\/\/www.kabulluftbruecke.de\/en\/#\/schema\/person\/a85bc6065aa7c3e1a6eb92479ecfc148"},"headline":"Courts Force Departures \u2013 Federal Government Continues to Block \u2013 24 August 2025","datePublished":"2025-08-24T08:35:13+00:00","dateModified":"2025-09-15T08:08:04+00:00","mainEntityOfPage":{"@id":"https:\/\/www.kabulluftbruecke.de\/en\/updates-en\/courts-force-departures-federal-government-continues-to-block-4-september-2025\/"},"wordCount":407,"publisher":{"@id":"https:\/\/www.kabulluftbruecke.de\/en\/#organization"},"image":{"@id":"https:\/\/www.kabulluftbruecke.de\/en\/updates-en\/courts-force-departures-federal-government-continues-to-block-4-september-2025\/#primaryimage"},"thumbnailUrl":"https:\/\/www.kabulluftbruecke.de\/wp-content\/uploads\/Press-relase-web.jpg","articleSection":["Updates"],"inLanguage":"en-US"},{"@type":"WebPage","@id":"https:\/\/www.kabulluftbruecke.de\/en\/updates-en\/courts-force-departures-federal-government-continues-to-block-4-september-2025\/","url":"https:\/\/www.kabulluftbruecke.de\/en\/updates-en\/courts-force-departures-federal-government-continues-to-block-4-september-2025\/","name":"Courts Force Departures \u2013 Federal Government Continues to Block \u2013 24 August 2025 - Kabul Luftbr\u00fccke","isPartOf":{"@id":"https:\/\/www.kabulluftbruecke.de\/en\/#website"},"primaryImageOfPage":{"@id":"https:\/\/www.kabulluftbruecke.de\/en\/updates-en\/courts-force-departures-federal-government-continues-to-block-4-september-2025\/#primaryimage"},"image":{"@id":"https:\/\/www.kabulluftbruecke.de\/en\/updates-en\/courts-force-departures-federal-government-continues-to-block-4-september-2025\/#primaryimage"},"thumbnailUrl":"https:\/\/www.kabulluftbruecke.de\/wp-content\/uploads\/Press-relase-web.jpg","datePublished":"2025-08-24T08:35:13+00:00","dateModified":"2025-09-15T08:08:04+00:00","breadcrumb":{"@id":"https:\/\/www.kabulluftbruecke.de\/en\/updates-en\/courts-force-departures-federal-government-continues-to-block-4-september-2025\/#breadcrumb"},"inLanguage":"en-US","potentialAction":[{"@type":"ReadAction","target":["https:\/\/www.kabulluftbruecke.de\/en\/updates-en\/courts-force-departures-federal-government-continues-to-block-4-september-2025\/"]}]},{"@type":"ImageObject","inLanguage":"en-US","@id":"https:\/\/www.kabulluftbruecke.de\/en\/updates-en\/courts-force-departures-federal-government-continues-to-block-4-september-2025\/#primaryimage","url":"https:\/\/www.kabulluftbruecke.de\/wp-content\/uploads\/Press-relase-web.jpg","contentUrl":"https:\/\/www.kabulluftbruecke.de\/wp-content\/uploads\/Press-relase-web.jpg","width":1200,"height":630},{"@type":"BreadcrumbList","@id":"https:\/\/www.kabulluftbruecke.de\/en\/updates-en\/courts-force-departures-federal-government-continues-to-block-4-september-2025\/#breadcrumb","itemListElement":[{"@type":"ListItem","position":1,"name":"Startseite","item":"https:\/\/www.kabulluftbruecke.de\/en\/"},{"@type":"ListItem","position":2,"name":"Courts Force Departures \u2013 Federal Government Continues to Block \u2013 24 August 2025"}]},{"@type":"WebSite","@id":"https:\/\/www.kabulluftbruecke.de\/en\/#website","url":"https:\/\/www.kabulluftbruecke.de\/en\/","name":"Kabul Luftbr\u00fccke","description":"Unterst\u00fctze und fordere die Rettung aller Gef\u00e4hrdeten aus Afghanistan","publisher":{"@id":"https:\/\/www.kabulluftbruecke.de\/en\/#organization"},"potentialAction":[{"@type":"SearchAction","target":{"@type":"EntryPoint","urlTemplate":"https:\/\/www.kabulluftbruecke.de\/en\/?s={search_term_string}"},"query-input":{"@type":"PropertyValueSpecification","valueRequired":true,"valueName":"search_term_string"}}],"inLanguage":"en-US"},{"@type":"Organization","@id":"https:\/\/www.kabulluftbruecke.de\/en\/#organization","name":"Kabul Luftbr\u00fccke","url":"https:\/\/www.kabulluftbruecke.de\/en\/","logo":{"@type":"ImageObject","inLanguage":"en-US","@id":"https:\/\/www.kabulluftbruecke.de\/en\/#\/schema\/logo\/image\/","url":"https:\/\/www.kabulluftbruecke.de\/wp-content\/uploads\/Luftbruecke.png","contentUrl":"https:\/\/www.kabulluftbruecke.de\/wp-content\/uploads\/Luftbruecke.png","width":709,"height":185,"caption":"Kabul Luftbr\u00fccke"},"image":{"@id":"https:\/\/www.kabulluftbruecke.de\/en\/#\/schema\/logo\/image\/"},"sameAs":["https:\/\/www.facebook.com\/kabulluftbruecke\/","https:\/\/x.com\/KabulLuftbrucke","https:\/\/www.instagram.com\/kabul_luftbruecke\/"]},{"@type":"Person","@id":"https:\/\/www.kabulluftbruecke.de\/en\/#\/schema\/person\/a85bc6065aa7c3e1a6eb92479ecfc148","name":"Konstantin","url":"https:\/\/www.kabulluftbruecke.de\/en\/author\/konstantin\/"}]}},"jetpack_featured_media_url":"https:\/\/www.kabulluftbruecke.de\/wp-content\/uploads\/Press-relase-web.jpg","jetpack_sharing_enabled":true,"_links":{"self":[{"href":"https:\/\/www.kabulluftbruecke.de\/en\/wp-json\/wp\/v2\/posts\/6922","targetHints":{"allow":["GET"]}}],"collection":[{"href":"https:\/\/www.kabulluftbruecke.de\/en\/wp-json\/wp\/v2\/posts"}],"about":[{"href":"https:\/\/www.kabulluftbruecke.de\/en\/wp-json\/wp\/v2\/types\/post"}],"author":[{"embeddable":true,"href":"https:\/\/www.kabulluftbruecke.de\/en\/wp-json\/wp\/v2\/users\/14"}],"replies":[{"embeddable":true,"href":"https:\/\/www.kabulluftbruecke.de\/en\/wp-json\/wp\/v2\/comments?post=6922"}],"version-history":[{"count":0,"href":"https:\/\/www.kabulluftbruecke.de\/en\/wp-json\/wp\/v2\/posts\/6922\/revisions"}],"wp:featuredmedia":[{"embeddable":true,"href":"https:\/\/www.kabulluftbruecke.de\/en\/wp-json\/wp\/v2\/media\/6918"}],"wp:attachment":[{"href":"https:\/\/www.kabulluftbruecke.de\/en\/wp-json\/wp\/v2\/media?parent=6922"}],"wp:term":[{"taxonomy":"category","embeddable":true,"href":"https:\/\/www.kabulluftbruecke.de\/en\/wp-json\/wp\/v2\/categories?post=6922"},{"taxonomy":"post_tag","embeddable":true,"href":"https:\/\/www.kabulluftbruecke.de\/en\/wp-json\/wp\/v2\/tags?post=6922"}],"curies":[{"name":"wp","href":"https:\/\/api.w.org\/{rel}","templated":true}]}}