{"id":6924,"date":"2025-08-20T16:39:03","date_gmt":"2025-08-20T14:39:03","guid":{"rendered":"https:\/\/www.kabulluftbruecke.de\/?p=6924"},"modified":"2025-09-15T13:25:53","modified_gmt":"2025-09-15T11:25:53","slug":"contact-your-representatives-to-demand-the-immediate-admission-of-the-afghans-remaining-in-pakistan","status":"publish","type":"post","link":"https:\/\/www.kabulluftbruecke.de\/en\/updates-en\/contact-your-representatives-to-demand-the-immediate-admission-of-the-afghans-remaining-in-pakistan\/","title":{"rendered":"Contact your representatives to demand the immediate admission of the Afghans remaining in Pakistan."},"content":{"rendered":"<p><a href=\"https:\/\/action.lnob.net\/lnob\/afghanistan\" target=\"_blank\" rel=\"noopener\"><strong>Click here to access the Leave No One Behind Action Tool<\/strong><\/a><\/p>\n<p>The worst-case scenario has occurred: hundreds of asylum seekers, who have been waiting for months in Pakistan with German admission promises to travel to Germany, were arrested and taken to deportation camps. For 210 people, help came too late. They have already been deported to Afghanistan \u2013 back into the hands of the Taliban. Despite the acute danger, the federal government has been delaying the admission of asylum seekers for months. The Berlin Administrative Court has now clearly confirmed in over 20 cases: admission promises are legally binding \u2013 and must be implemented immediately. Dobrindt, Wadephul, and others continue to take their time \u2013 risking lives in the process. Write to your local representatives and demand protection for these people before it\u2019s too late!<br \/>\n<a href=\"https:\/\/action.lnob.net\/lnob\/afghanistan\" target=\"_blank\" rel=\"noopener\">https:\/\/action.lnob.net\/lnob\/afghanistan<\/a><\/p>\n","protected":false},"excerpt":{"rendered":"<p>Click here to access the Leave No One Behind Action  [&#8230;]<\/p>\n","protected":false},"author":14,"featured_media":6925,"comment_status":"closed","ping_status":"closed","sticky":false,"template":"","format":"standard","meta":{"_jetpack_memberships_contains_paid_content":false,"footnotes":""},"categories":[44],"tags":[],"class_list":["post-6924","post","type-post","status-publish","format-standard","has-post-thumbnail","hentry","category-updates-en"],"yoast_head":"<!-- This site is optimized with the Yoast SEO plugin v27.5 - https:\/\/yoast.com\/product\/yoast-seo-wordpress\/ -->\n<title>Contact your representatives to demand the immediate admission of the Afghans remaining in Pakistan. - Kabul Luftbr\u00fccke<\/title>\n<meta name=\"robots\" content=\"index, follow, max-snippet:-1, max-image-preview:large, max-video-preview:-1\" \/>\n<link rel=\"canonical\" href=\"https:\/\/www.kabulluftbruecke.de\/en\/updates-en\/contact-your-representatives-to-demand-the-immediate-admission-of-the-afghans-remaining-in-pakistan\/\" \/>\n<meta property=\"og:locale\" content=\"en_US\" \/>\n<meta property=\"og:type\" content=\"article\" \/>\n<meta property=\"og:title\" content=\"Contact your representatives to demand the immediate admission of the Afghans remaining in Pakistan. - Kabul Luftbr\u00fccke\" \/>\n<meta property=\"og:description\" content=\"Click here to access the Leave No One Behind Action [...]\" \/>\n<meta property=\"og:url\" content=\"https:\/\/www.kabulluftbruecke.de\/en\/updates-en\/contact-your-representatives-to-demand-the-immediate-admission-of-the-afghans-remaining-in-pakistan\/\" \/>\n<meta property=\"og:site_name\" content=\"Kabul Luftbr\u00fccke\" \/>\n<meta property=\"article:publisher\" content=\"https:\/\/www.facebook.com\/kabulluftbruecke\/\" \/>\n<meta property=\"article:published_time\" content=\"2025-08-20T14:39:03+00:00\" \/>\n<meta property=\"article:modified_time\" content=\"2025-09-15T11:25:53+00:00\" \/>\n<meta property=\"og:image\" content=\"https:\/\/www.kabulluftbruecke.de\/wp-content\/uploads\/Implement-the-admission-of-vulnerable-Afghans-NOW.jpg\" \/>\n\t<meta property=\"og:image:width\" content=\"1200\" \/>\n\t<meta property=\"og:image:height\" content=\"630\" \/>\n\t<meta property=\"og:image:type\" content=\"image\/jpeg\" \/>\n<meta name=\"author\" content=\"Konstantin\" \/>\n<meta name=\"twitter:card\" content=\"summary_large_image\" \/>\n<meta name=\"twitter:creator\" content=\"@KabulLuftbrucke\" \/>\n<meta name=\"twitter:site\" content=\"@KabulLuftbrucke\" \/>\n<meta name=\"twitter:label1\" content=\"Written by\" \/>\n\t<meta name=\"twitter:data1\" content=\"Konstantin\" \/>\n\t<meta name=\"twitter:label2\" content=\"Est. reading time\" \/>\n\t<meta name=\"twitter:data2\" content=\"1 minute\" \/>\n<script type=\"application\/ld+json\" class=\"yoast-schema-graph\">{\"@context\":\"https:\\\/\\\/schema.org\",\"@graph\":[{\"@type\":\"Article\",\"@id\":\"https:\\\/\\\/www.kabulluftbruecke.de\\\/en\\\/updates-en\\\/contact-your-representatives-to-demand-the-immediate-admission-of-the-afghans-remaining-in-pakistan\\\/#article\",\"isPartOf\":{\"@id\":\"https:\\\/\\\/www.kabulluftbruecke.de\\\/en\\\/updates-en\\\/contact-your-representatives-to-demand-the-immediate-admission-of-the-afghans-remaining-in-pakistan\\\/\"},\"author\":{\"name\":\"Konstantin\",\"@id\":\"https:\\\/\\\/www.kabulluftbruecke.de\\\/en\\\/#\\\/schema\\\/person\\\/a85bc6065aa7c3e1a6eb92479ecfc148\"},\"headline\":\"Contact your representatives to demand the immediate admission of the Afghans remaining in Pakistan.\",\"datePublished\":\"2025-08-20T14:39:03+00:00\",\"dateModified\":\"2025-09-15T11:25:53+00:00\",\"mainEntityOfPage\":{\"@id\":\"https:\\\/\\\/www.kabulluftbruecke.de\\\/en\\\/updates-en\\\/contact-your-representatives-to-demand-the-immediate-admission-of-the-afghans-remaining-in-pakistan\\\/\"},\"wordCount\":151,\"publisher\":{\"@id\":\"https:\\\/\\\/www.kabulluftbruecke.de\\\/en\\\/#organization\"},\"image\":{\"@id\":\"https:\\\/\\\/www.kabulluftbruecke.de\\\/en\\\/updates-en\\\/contact-your-representatives-to-demand-the-immediate-admission-of-the-afghans-remaining-in-pakistan\\\/#primaryimage\"},\"thumbnailUrl\":\"https:\\\/\\\/www.kabulluftbruecke.de\\\/wp-content\\\/uploads\\\/Implement-the-admission-of-vulnerable-Afghans-NOW.jpg\",\"articleSection\":[\"Updates\"],\"inLanguage\":\"en-US\"},{\"@type\":\"WebPage\",\"@id\":\"https:\\\/\\\/www.kabulluftbruecke.de\\\/en\\\/updates-en\\\/contact-your-representatives-to-demand-the-immediate-admission-of-the-afghans-remaining-in-pakistan\\\/\",\"url\":\"https:\\\/\\\/www.kabulluftbruecke.de\\\/en\\\/updates-en\\\/contact-your-representatives-to-demand-the-immediate-admission-of-the-afghans-remaining-in-pakistan\\\/\",\"name\":\"Contact your representatives to demand the immediate admission of the Afghans remaining in Pakistan. - Kabul Luftbr\u00fccke\",\"isPartOf\":{\"@id\":\"https:\\\/\\\/www.kabulluftbruecke.de\\\/en\\\/#website\"},\"primaryImageOfPage\":{\"@id\":\"https:\\\/\\\/www.kabulluftbruecke.de\\\/en\\\/updates-en\\\/contact-your-representatives-to-demand-the-immediate-admission-of-the-afghans-remaining-in-pakistan\\\/#primaryimage\"},\"image\":{\"@id\":\"https:\\\/\\\/www.kabulluftbruecke.de\\\/en\\\/updates-en\\\/contact-your-representatives-to-demand-the-immediate-admission-of-the-afghans-remaining-in-pakistan\\\/#primaryimage\"},\"thumbnailUrl\":\"https:\\\/\\\/www.kabulluftbruecke.de\\\/wp-content\\\/uploads\\\/Implement-the-admission-of-vulnerable-Afghans-NOW.jpg\",\"datePublished\":\"2025-08-20T14:39:03+00:00\",\"dateModified\":\"2025-09-15T11:25:53+00:00\",\"breadcrumb\":{\"@id\":\"https:\\\/\\\/www.kabulluftbruecke.de\\\/en\\\/updates-en\\\/contact-your-representatives-to-demand-the-immediate-admission-of-the-afghans-remaining-in-pakistan\\\/#breadcrumb\"},\"inLanguage\":\"en-US\",\"potentialAction\":[{\"@type\":\"ReadAction\",\"target\":[\"https:\\\/\\\/www.kabulluftbruecke.de\\\/en\\\/updates-en\\\/contact-your-representatives-to-demand-the-immediate-admission-of-the-afghans-remaining-in-pakistan\\\/\"]}]},{\"@type\":\"ImageObject\",\"inLanguage\":\"en-US\",\"@id\":\"https:\\\/\\\/www.kabulluftbruecke.de\\\/en\\\/updates-en\\\/contact-your-representatives-to-demand-the-immediate-admission-of-the-afghans-remaining-in-pakistan\\\/#primaryimage\",\"url\":\"https:\\\/\\\/www.kabulluftbruecke.de\\\/wp-content\\\/uploads\\\/Implement-the-admission-of-vulnerable-Afghans-NOW.jpg\",\"contentUrl\":\"https:\\\/\\\/www.kabulluftbruecke.de\\\/wp-content\\\/uploads\\\/Implement-the-admission-of-vulnerable-Afghans-NOW.jpg\",\"width\":1200,\"height\":630},{\"@type\":\"BreadcrumbList\",\"@id\":\"https:\\\/\\\/www.kabulluftbruecke.de\\\/en\\\/updates-en\\\/contact-your-representatives-to-demand-the-immediate-admission-of-the-afghans-remaining-in-pakistan\\\/#breadcrumb\",\"itemListElement\":[{\"@type\":\"ListItem\",\"position\":1,\"name\":\"Startseite\",\"item\":\"https:\\\/\\\/www.kabulluftbruecke.de\\\/en\\\/\"},{\"@type\":\"ListItem\",\"position\":2,\"name\":\"Contact your representatives to demand the immediate admission of the Afghans remaining in Pakistan.\"}]},{\"@type\":\"WebSite\",\"@id\":\"https:\\\/\\\/www.kabulluftbruecke.de\\\/en\\\/#website\",\"url\":\"https:\\\/\\\/www.kabulluftbruecke.de\\\/en\\\/\",\"name\":\"Kabul Luftbr\u00fccke\",\"description\":\"Unterst\u00fctze und fordere die Rettung aller Gef\u00e4hrdeten aus Afghanistan\",\"publisher\":{\"@id\":\"https:\\\/\\\/www.kabulluftbruecke.de\\\/en\\\/#organization\"},\"potentialAction\":[{\"@type\":\"SearchAction\",\"target\":{\"@type\":\"EntryPoint\",\"urlTemplate\":\"https:\\\/\\\/www.kabulluftbruecke.de\\\/en\\\/?s={search_term_string}\"},\"query-input\":{\"@type\":\"PropertyValueSpecification\",\"valueRequired\":true,\"valueName\":\"search_term_string\"}}],\"inLanguage\":\"en-US\"},{\"@type\":\"Organization\",\"@id\":\"https:\\\/\\\/www.kabulluftbruecke.de\\\/en\\\/#organization\",\"name\":\"Kabul Luftbr\u00fccke\",\"url\":\"https:\\\/\\\/www.kabulluftbruecke.de\\\/en\\\/\",\"logo\":{\"@type\":\"ImageObject\",\"inLanguage\":\"en-US\",\"@id\":\"https:\\\/\\\/www.kabulluftbruecke.de\\\/en\\\/#\\\/schema\\\/logo\\\/image\\\/\",\"url\":\"https:\\\/\\\/www.kabulluftbruecke.de\\\/wp-content\\\/uploads\\\/Luftbruecke.png\",\"contentUrl\":\"https:\\\/\\\/www.kabulluftbruecke.de\\\/wp-content\\\/uploads\\\/Luftbruecke.png\",\"width\":709,\"height\":185,\"caption\":\"Kabul Luftbr\u00fccke\"},\"image\":{\"@id\":\"https:\\\/\\\/www.kabulluftbruecke.de\\\/en\\\/#\\\/schema\\\/logo\\\/image\\\/\"},\"sameAs\":[\"https:\\\/\\\/www.facebook.com\\\/kabulluftbruecke\\\/\",\"https:\\\/\\\/x.com\\\/KabulLuftbrucke\",\"https:\\\/\\\/www.instagram.com\\\/kabul_luftbruecke\\\/\"]},{\"@type\":\"Person\",\"@id\":\"https:\\\/\\\/www.kabulluftbruecke.de\\\/en\\\/#\\\/schema\\\/person\\\/a85bc6065aa7c3e1a6eb92479ecfc148\",\"name\":\"Konstantin\",\"url\":\"https:\\\/\\\/www.kabulluftbruecke.de\\\/en\\\/author\\\/konstantin\\\/\"}]}<\/script>\n<!-- \/ Yoast SEO plugin. -->","yoast_head_json":{"title":"Contact your representatives to demand the immediate admission of the Afghans remaining in Pakistan. - Kabul Luftbr\u00fccke","robots":{"index":"index","follow":"follow","max-snippet":"max-snippet:-1","max-image-preview":"max-image-preview:large","max-video-preview":"max-video-preview:-1"},"canonical":"https:\/\/www.kabulluftbruecke.de\/en\/updates-en\/contact-your-representatives-to-demand-the-immediate-admission-of-the-afghans-remaining-in-pakistan\/","og_locale":"en_US","og_type":"article","og_title":"Contact your representatives to demand the immediate admission of the Afghans remaining in Pakistan. - Kabul Luftbr\u00fccke","og_description":"Click here to access the Leave No One Behind Action [...]","og_url":"https:\/\/www.kabulluftbruecke.de\/en\/updates-en\/contact-your-representatives-to-demand-the-immediate-admission-of-the-afghans-remaining-in-pakistan\/","og_site_name":"Kabul Luftbr\u00fccke","article_publisher":"https:\/\/www.facebook.com\/kabulluftbruecke\/","article_published_time":"2025-08-20T14:39:03+00:00","article_modified_time":"2025-09-15T11:25:53+00:00","og_image":[{"width":1200,"height":630,"url":"https:\/\/www.kabulluftbruecke.de\/wp-content\/uploads\/Implement-the-admission-of-vulnerable-Afghans-NOW.jpg","type":"image\/jpeg"}],"author":"Konstantin","twitter_card":"summary_large_image","twitter_creator":"@KabulLuftbrucke","twitter_site":"@KabulLuftbrucke","twitter_misc":{"Written by":"Konstantin","Est. reading time":"1 minute"},"schema":{"@context":"https:\/\/schema.org","@graph":[{"@type":"Article","@id":"https:\/\/www.kabulluftbruecke.de\/en\/updates-en\/contact-your-representatives-to-demand-the-immediate-admission-of-the-afghans-remaining-in-pakistan\/#article","isPartOf":{"@id":"https:\/\/www.kabulluftbruecke.de\/en\/updates-en\/contact-your-representatives-to-demand-the-immediate-admission-of-the-afghans-remaining-in-pakistan\/"},"author":{"name":"Konstantin","@id":"https:\/\/www.kabulluftbruecke.de\/en\/#\/schema\/person\/a85bc6065aa7c3e1a6eb92479ecfc148"},"headline":"Contact your representatives to demand the immediate admission of the Afghans remaining in Pakistan.","datePublished":"2025-08-20T14:39:03+00:00","dateModified":"2025-09-15T11:25:53+00:00","mainEntityOfPage":{"@id":"https:\/\/www.kabulluftbruecke.de\/en\/updates-en\/contact-your-representatives-to-demand-the-immediate-admission-of-the-afghans-remaining-in-pakistan\/"},"wordCount":151,"publisher":{"@id":"https:\/\/www.kabulluftbruecke.de\/en\/#organization"},"image":{"@id":"https:\/\/www.kabulluftbruecke.de\/en\/updates-en\/contact-your-representatives-to-demand-the-immediate-admission-of-the-afghans-remaining-in-pakistan\/#primaryimage"},"thumbnailUrl":"https:\/\/www.kabulluftbruecke.de\/wp-content\/uploads\/Implement-the-admission-of-vulnerable-Afghans-NOW.jpg","articleSection":["Updates"],"inLanguage":"en-US"},{"@type":"WebPage","@id":"https:\/\/www.kabulluftbruecke.de\/en\/updates-en\/contact-your-representatives-to-demand-the-immediate-admission-of-the-afghans-remaining-in-pakistan\/","url":"https:\/\/www.kabulluftbruecke.de\/en\/updates-en\/contact-your-representatives-to-demand-the-immediate-admission-of-the-afghans-remaining-in-pakistan\/","name":"Contact your representatives to demand the immediate admission of the Afghans remaining in Pakistan. - Kabul Luftbr\u00fccke","isPartOf":{"@id":"https:\/\/www.kabulluftbruecke.de\/en\/#website"},"primaryImageOfPage":{"@id":"https:\/\/www.kabulluftbruecke.de\/en\/updates-en\/contact-your-representatives-to-demand-the-immediate-admission-of-the-afghans-remaining-in-pakistan\/#primaryimage"},"image":{"@id":"https:\/\/www.kabulluftbruecke.de\/en\/updates-en\/contact-your-representatives-to-demand-the-immediate-admission-of-the-afghans-remaining-in-pakistan\/#primaryimage"},"thumbnailUrl":"https:\/\/www.kabulluftbruecke.de\/wp-content\/uploads\/Implement-the-admission-of-vulnerable-Afghans-NOW.jpg","datePublished":"2025-08-20T14:39:03+00:00","dateModified":"2025-09-15T11:25:53+00:00","breadcrumb":{"@id":"https:\/\/www.kabulluftbruecke.de\/en\/updates-en\/contact-your-representatives-to-demand-the-immediate-admission-of-the-afghans-remaining-in-pakistan\/#breadcrumb"},"inLanguage":"en-US","potentialAction":[{"@type":"ReadAction","target":["https:\/\/www.kabulluftbruecke.de\/en\/updates-en\/contact-your-representatives-to-demand-the-immediate-admission-of-the-afghans-remaining-in-pakistan\/"]}]},{"@type":"ImageObject","inLanguage":"en-US","@id":"https:\/\/www.kabulluftbruecke.de\/en\/updates-en\/contact-your-representatives-to-demand-the-immediate-admission-of-the-afghans-remaining-in-pakistan\/#primaryimage","url":"https:\/\/www.kabulluftbruecke.de\/wp-content\/uploads\/Implement-the-admission-of-vulnerable-Afghans-NOW.jpg","contentUrl":"https:\/\/www.kabulluftbruecke.de\/wp-content\/uploads\/Implement-the-admission-of-vulnerable-Afghans-NOW.jpg","width":1200,"height":630},{"@type":"BreadcrumbList","@id":"https:\/\/www.kabulluftbruecke.de\/en\/updates-en\/contact-your-representatives-to-demand-the-immediate-admission-of-the-afghans-remaining-in-pakistan\/#breadcrumb","itemListElement":[{"@type":"ListItem","position":1,"name":"Startseite","item":"https:\/\/www.kabulluftbruecke.de\/en\/"},{"@type":"ListItem","position":2,"name":"Contact your representatives to demand the immediate admission of the Afghans remaining in Pakistan."}]},{"@type":"WebSite","@id":"https:\/\/www.kabulluftbruecke.de\/en\/#website","url":"https:\/\/www.kabulluftbruecke.de\/en\/","name":"Kabul Luftbr\u00fccke","description":"Unterst\u00fctze und fordere die Rettung aller Gef\u00e4hrdeten aus Afghanistan","publisher":{"@id":"https:\/\/www.kabulluftbruecke.de\/en\/#organization"},"potentialAction":[{"@type":"SearchAction","target":{"@type":"EntryPoint","urlTemplate":"https:\/\/www.kabulluftbruecke.de\/en\/?s={search_term_string}"},"query-input":{"@type":"PropertyValueSpecification","valueRequired":true,"valueName":"search_term_string"}}],"inLanguage":"en-US"},{"@type":"Organization","@id":"https:\/\/www.kabulluftbruecke.de\/en\/#organization","name":"Kabul Luftbr\u00fccke","url":"https:\/\/www.kabulluftbruecke.de\/en\/","logo":{"@type":"ImageObject","inLanguage":"en-US","@id":"https:\/\/www.kabulluftbruecke.de\/en\/#\/schema\/logo\/image\/","url":"https:\/\/www.kabulluftbruecke.de\/wp-content\/uploads\/Luftbruecke.png","contentUrl":"https:\/\/www.kabulluftbruecke.de\/wp-content\/uploads\/Luftbruecke.png","width":709,"height":185,"caption":"Kabul Luftbr\u00fccke"},"image":{"@id":"https:\/\/www.kabulluftbruecke.de\/en\/#\/schema\/logo\/image\/"},"sameAs":["https:\/\/www.facebook.com\/kabulluftbruecke\/","https:\/\/x.com\/KabulLuftbrucke","https:\/\/www.instagram.com\/kabul_luftbruecke\/"]},{"@type":"Person","@id":"https:\/\/www.kabulluftbruecke.de\/en\/#\/schema\/person\/a85bc6065aa7c3e1a6eb92479ecfc148","name":"Konstantin","url":"https:\/\/www.kabulluftbruecke.de\/en\/author\/konstantin\/"}]}},"jetpack_featured_media_url":"https:\/\/www.kabulluftbruecke.de\/wp-content\/uploads\/Implement-the-admission-of-vulnerable-Afghans-NOW.jpg","jetpack_sharing_enabled":true,"_links":{"self":[{"href":"https:\/\/www.kabulluftbruecke.de\/en\/wp-json\/wp\/v2\/posts\/6924","targetHints":{"allow":["GET"]}}],"collection":[{"href":"https:\/\/www.kabulluftbruecke.de\/en\/wp-json\/wp\/v2\/posts"}],"about":[{"href":"https:\/\/www.kabulluftbruecke.de\/en\/wp-json\/wp\/v2\/types\/post"}],"author":[{"embeddable":true,"href":"https:\/\/www.kabulluftbruecke.de\/en\/wp-json\/wp\/v2\/users\/14"}],"replies":[{"embeddable":true,"href":"https:\/\/www.kabulluftbruecke.de\/en\/wp-json\/wp\/v2\/comments?post=6924"}],"version-history":[{"count":0,"href":"https:\/\/www.kabulluftbruecke.de\/en\/wp-json\/wp\/v2\/posts\/6924\/revisions"}],"wp:featuredmedia":[{"embeddable":true,"href":"https:\/\/www.kabulluftbruecke.de\/en\/wp-json\/wp\/v2\/media\/6925"}],"wp:attachment":[{"href":"https:\/\/www.kabulluftbruecke.de\/en\/wp-json\/wp\/v2\/media?parent=6924"}],"wp:term":[{"taxonomy":"category","embeddable":true,"href":"https:\/\/www.kabulluftbruecke.de\/en\/wp-json\/wp\/v2\/categories?post=6924"},{"taxonomy":"post_tag","embeddable":true,"href":"https:\/\/www.kabulluftbruecke.de\/en\/wp-json\/wp\/v2\/tags?post=6924"}],"curies":[{"name":"wp","href":"https:\/\/api.w.org\/{rel}","templated":true}]}}