{"id":6955,"date":"2025-08-15T17:26:48","date_gmt":"2025-08-15T15:26:48","guid":{"rendered":"https:\/\/www.kabulluftbruecke.de\/?p=6955"},"modified":"2025-09-12T17:28:44","modified_gmt":"2025-09-12T15:28:44","slug":"arrests-and-deportations-despite-admission-promises-and-court-rulings-14-08-2025","status":"publish","type":"post","link":"https:\/\/www.kabulluftbruecke.de\/en\/updates-en\/arrests-and-deportations-despite-admission-promises-and-court-rulings-14-08-2025\/","title":{"rendered":"Arrests and deportations despite admission promises and court rulings \u2013 14.08.2025"},"content":{"rendered":"<h1>Raids in German Accommodations in Pakistan<\/h1>\n<p>Since Saturday, Pakistani security forces have been searching <strong>GIZ accommodations in Islamabad<\/strong>. These house Afghan asylum seekers who are waiting to travel to Germany.<\/p>\n<p>Approximately 2,300 people with legally binding admission promises have been staying in Pakistan for months, in some cases more than two years. Among them are about 1,700 women and children.<\/p>\n<p>Pakistani security forces have already <strong>arrested hundreds of these people<\/strong>. We have received <strong>dozens of reports of deportations to Afghanistan<\/strong>. New distress calls are constantly reaching us.<\/p>\n<p>Pakistani security forces are sometimes using <strong>violence<\/strong>, including against women and girls. We have also received reports of families being separated. Two sisters, aged 17 and 18, were arrested and taken without their parents and siblings; they are now in Afghanistan, but contact was lost after crossing the border.<\/p>\n<p>At the time of sending this message, a family is also being taken to the Torkham border crossing, for whom a <strong>positive interim court order from the Berlin Administrative Court<\/strong> exists.<\/p>\n<p>The German Embassy in Islamabad is evidently unable to protect the affected individuals effectively.<\/p>\n<h1>Responsibility of the German Federal Government<\/h1>\n<p>This situation is also the responsibility of the German Federal Government, which, despite oral assurances in the Bundestag and court rulings, is not willing to issue the promised visas to Afghan asylum seekers.<\/p>\n<p>As 15 positive decisions from the Berlin Administrative Court clearly show, <strong>admission promises are legally binding<\/strong>. The Federal Government has, in many cases, filed appeals against these decisions at the Higher Administrative Court, but has since withdrawn some due to obvious lack of prospects.<\/p>\n<p>In urgent proceedings, the Higher Administrative Court usually suspends immediate enforceability so that its potential decision is not preempted by visa issuance. <strong>Facts are now being created by the Pakistani government&lt;\/strong \u2013 to the detriment of the asylum seekers.<\/strong><\/p>\n<h1>Immediate Issuance of Visas<\/h1>\n<p>We demand that the German Federal Government:<\/p>\n<ul>\n<li>immediately issue visas to all Afghan asylum seekers with German admission promises and bring them to Germany;<\/li>\n<li>ensure that all deported individuals are immediately brought to safety and returned to Pakistan;<\/li>\n<li>ensure that those detained in Pakistan are immediately released.<\/li>\n<\/ul>\n<p>&nbsp;<\/p>\n<p><strong>Contacts for Inquiries<\/strong><\/p>\n<p>Please direct your questions to:<\/p>\n<ul>\n<li><strong>Matthias Lehnert<\/strong>, Attorney, <a href=\"mailto:lehnert@aufenthaltsrecht.net\">lehnert@aufenthaltsrecht.net<\/a><\/li>\n<li><strong>Eva Beyer<\/strong>, NGO\u00a0Kabul Luftbr\u00fccke; <a href=\"mailto:press@kabulluftbruecke.de\">press@kabulluftbruecke.de<\/a><\/li>\n<li><strong>Tilmann R\u00f6der<\/strong>, former Head of Case Management, Coordination Office (BAP); <a href=\"mailto:tilmann.roeder@fu-berlin.de\">roeder@fu-berlin.de<\/a><\/li>\n<li><strong>Victoria Lies<\/strong>, Attorney, representing plaintiffs <a href=\"mailto:lies@kanzlei-migration.de\">lies@kanzlei-migration.de<\/a><\/li>\n<\/ul>\n","protected":false},"excerpt":{"rendered":"<p>Raids in German Accommodations in Pakistan Since Saturday, Pakistani security  [&#8230;]<\/p>\n","protected":false},"author":14,"featured_media":6918,"comment_status":"closed","ping_status":"closed","sticky":false,"template":"","format":"standard","meta":{"_jetpack_memberships_contains_paid_content":false,"footnotes":""},"categories":[44],"tags":[],"class_list":["post-6955","post","type-post","status-publish","format-standard","has-post-thumbnail","hentry","category-updates-en"],"yoast_head":"<!-- This site is optimized with the Yoast SEO plugin v27.5 - https:\/\/yoast.com\/product\/yoast-seo-wordpress\/ -->\n<title>Arrests and deportations despite admission promises and court rulings \u2013 14.08.2025 - Kabul Luftbr\u00fccke<\/title>\n<meta name=\"robots\" content=\"index, follow, max-snippet:-1, max-image-preview:large, max-video-preview:-1\" \/>\n<link rel=\"canonical\" href=\"https:\/\/www.kabulluftbruecke.de\/en\/updates-en\/arrests-and-deportations-despite-admission-promises-and-court-rulings-14-08-2025\/\" \/>\n<meta property=\"og:locale\" content=\"en_US\" \/>\n<meta property=\"og:type\" content=\"article\" \/>\n<meta property=\"og:title\" content=\"Arrests and deportations despite admission promises and court rulings \u2013 14.08.2025 - Kabul Luftbr\u00fccke\" \/>\n<meta property=\"og:description\" content=\"Raids in German Accommodations in Pakistan Since Saturday, Pakistani security [...]\" \/>\n<meta property=\"og:url\" content=\"https:\/\/www.kabulluftbruecke.de\/en\/updates-en\/arrests-and-deportations-despite-admission-promises-and-court-rulings-14-08-2025\/\" \/>\n<meta property=\"og:site_name\" content=\"Kabul Luftbr\u00fccke\" \/>\n<meta property=\"article:publisher\" content=\"https:\/\/www.facebook.com\/kabulluftbruecke\/\" \/>\n<meta property=\"article:published_time\" content=\"2025-08-15T15:26:48+00:00\" \/>\n<meta property=\"article:modified_time\" content=\"2025-09-12T15:28:44+00:00\" \/>\n<meta property=\"og:image\" content=\"https:\/\/www.kabulluftbruecke.de\/wp-content\/uploads\/Press-relase-web.jpg\" \/>\n\t<meta property=\"og:image:width\" content=\"1200\" \/>\n\t<meta property=\"og:image:height\" content=\"630\" \/>\n\t<meta property=\"og:image:type\" content=\"image\/jpeg\" \/>\n<meta name=\"author\" content=\"Konstantin\" \/>\n<meta name=\"twitter:card\" content=\"summary_large_image\" \/>\n<meta name=\"twitter:creator\" content=\"@KabulLuftbrucke\" \/>\n<meta name=\"twitter:site\" content=\"@KabulLuftbrucke\" \/>\n<meta name=\"twitter:label1\" content=\"Written by\" \/>\n\t<meta name=\"twitter:data1\" content=\"Konstantin\" \/>\n\t<meta name=\"twitter:label2\" content=\"Est. reading time\" \/>\n\t<meta name=\"twitter:data2\" content=\"3 minutes\" \/>\n<script type=\"application\/ld+json\" class=\"yoast-schema-graph\">{\"@context\":\"https:\\\/\\\/schema.org\",\"@graph\":[{\"@type\":\"Article\",\"@id\":\"https:\\\/\\\/www.kabulluftbruecke.de\\\/en\\\/updates-en\\\/arrests-and-deportations-despite-admission-promises-and-court-rulings-14-08-2025\\\/#article\",\"isPartOf\":{\"@id\":\"https:\\\/\\\/www.kabulluftbruecke.de\\\/en\\\/updates-en\\\/arrests-and-deportations-despite-admission-promises-and-court-rulings-14-08-2025\\\/\"},\"author\":{\"name\":\"Konstantin\",\"@id\":\"https:\\\/\\\/www.kabulluftbruecke.de\\\/en\\\/#\\\/schema\\\/person\\\/a85bc6065aa7c3e1a6eb92479ecfc148\"},\"headline\":\"Arrests and deportations despite admission promises and court rulings \u2013 14.08.2025\",\"datePublished\":\"2025-08-15T15:26:48+00:00\",\"dateModified\":\"2025-09-12T15:28:44+00:00\",\"mainEntityOfPage\":{\"@id\":\"https:\\\/\\\/www.kabulluftbruecke.de\\\/en\\\/updates-en\\\/arrests-and-deportations-despite-admission-promises-and-court-rulings-14-08-2025\\\/\"},\"wordCount\":405,\"publisher\":{\"@id\":\"https:\\\/\\\/www.kabulluftbruecke.de\\\/en\\\/#organization\"},\"image\":{\"@id\":\"https:\\\/\\\/www.kabulluftbruecke.de\\\/en\\\/updates-en\\\/arrests-and-deportations-despite-admission-promises-and-court-rulings-14-08-2025\\\/#primaryimage\"},\"thumbnailUrl\":\"https:\\\/\\\/www.kabulluftbruecke.de\\\/wp-content\\\/uploads\\\/Press-relase-web.jpg\",\"articleSection\":[\"Updates\"],\"inLanguage\":\"en-US\"},{\"@type\":\"WebPage\",\"@id\":\"https:\\\/\\\/www.kabulluftbruecke.de\\\/en\\\/updates-en\\\/arrests-and-deportations-despite-admission-promises-and-court-rulings-14-08-2025\\\/\",\"url\":\"https:\\\/\\\/www.kabulluftbruecke.de\\\/en\\\/updates-en\\\/arrests-and-deportations-despite-admission-promises-and-court-rulings-14-08-2025\\\/\",\"name\":\"Arrests and deportations despite admission promises and court rulings \u2013 14.08.2025 - Kabul Luftbr\u00fccke\",\"isPartOf\":{\"@id\":\"https:\\\/\\\/www.kabulluftbruecke.de\\\/en\\\/#website\"},\"primaryImageOfPage\":{\"@id\":\"https:\\\/\\\/www.kabulluftbruecke.de\\\/en\\\/updates-en\\\/arrests-and-deportations-despite-admission-promises-and-court-rulings-14-08-2025\\\/#primaryimage\"},\"image\":{\"@id\":\"https:\\\/\\\/www.kabulluftbruecke.de\\\/en\\\/updates-en\\\/arrests-and-deportations-despite-admission-promises-and-court-rulings-14-08-2025\\\/#primaryimage\"},\"thumbnailUrl\":\"https:\\\/\\\/www.kabulluftbruecke.de\\\/wp-content\\\/uploads\\\/Press-relase-web.jpg\",\"datePublished\":\"2025-08-15T15:26:48+00:00\",\"dateModified\":\"2025-09-12T15:28:44+00:00\",\"breadcrumb\":{\"@id\":\"https:\\\/\\\/www.kabulluftbruecke.de\\\/en\\\/updates-en\\\/arrests-and-deportations-despite-admission-promises-and-court-rulings-14-08-2025\\\/#breadcrumb\"},\"inLanguage\":\"en-US\",\"potentialAction\":[{\"@type\":\"ReadAction\",\"target\":[\"https:\\\/\\\/www.kabulluftbruecke.de\\\/en\\\/updates-en\\\/arrests-and-deportations-despite-admission-promises-and-court-rulings-14-08-2025\\\/\"]}]},{\"@type\":\"ImageObject\",\"inLanguage\":\"en-US\",\"@id\":\"https:\\\/\\\/www.kabulluftbruecke.de\\\/en\\\/updates-en\\\/arrests-and-deportations-despite-admission-promises-and-court-rulings-14-08-2025\\\/#primaryimage\",\"url\":\"https:\\\/\\\/www.kabulluftbruecke.de\\\/wp-content\\\/uploads\\\/Press-relase-web.jpg\",\"contentUrl\":\"https:\\\/\\\/www.kabulluftbruecke.de\\\/wp-content\\\/uploads\\\/Press-relase-web.jpg\",\"width\":1200,\"height\":630},{\"@type\":\"BreadcrumbList\",\"@id\":\"https:\\\/\\\/www.kabulluftbruecke.de\\\/en\\\/updates-en\\\/arrests-and-deportations-despite-admission-promises-and-court-rulings-14-08-2025\\\/#breadcrumb\",\"itemListElement\":[{\"@type\":\"ListItem\",\"position\":1,\"name\":\"Startseite\",\"item\":\"https:\\\/\\\/www.kabulluftbruecke.de\\\/en\\\/\"},{\"@type\":\"ListItem\",\"position\":2,\"name\":\"Arrests and deportations despite admission promises and court rulings \u2013 14.08.2025\"}]},{\"@type\":\"WebSite\",\"@id\":\"https:\\\/\\\/www.kabulluftbruecke.de\\\/en\\\/#website\",\"url\":\"https:\\\/\\\/www.kabulluftbruecke.de\\\/en\\\/\",\"name\":\"Kabul Luftbr\u00fccke\",\"description\":\"Unterst\u00fctze und fordere die Rettung aller Gef\u00e4hrdeten aus Afghanistan\",\"publisher\":{\"@id\":\"https:\\\/\\\/www.kabulluftbruecke.de\\\/en\\\/#organization\"},\"potentialAction\":[{\"@type\":\"SearchAction\",\"target\":{\"@type\":\"EntryPoint\",\"urlTemplate\":\"https:\\\/\\\/www.kabulluftbruecke.de\\\/en\\\/?s={search_term_string}\"},\"query-input\":{\"@type\":\"PropertyValueSpecification\",\"valueRequired\":true,\"valueName\":\"search_term_string\"}}],\"inLanguage\":\"en-US\"},{\"@type\":\"Organization\",\"@id\":\"https:\\\/\\\/www.kabulluftbruecke.de\\\/en\\\/#organization\",\"name\":\"Kabul Luftbr\u00fccke\",\"url\":\"https:\\\/\\\/www.kabulluftbruecke.de\\\/en\\\/\",\"logo\":{\"@type\":\"ImageObject\",\"inLanguage\":\"en-US\",\"@id\":\"https:\\\/\\\/www.kabulluftbruecke.de\\\/en\\\/#\\\/schema\\\/logo\\\/image\\\/\",\"url\":\"https:\\\/\\\/www.kabulluftbruecke.de\\\/wp-content\\\/uploads\\\/Luftbruecke.png\",\"contentUrl\":\"https:\\\/\\\/www.kabulluftbruecke.de\\\/wp-content\\\/uploads\\\/Luftbruecke.png\",\"width\":709,\"height\":185,\"caption\":\"Kabul Luftbr\u00fccke\"},\"image\":{\"@id\":\"https:\\\/\\\/www.kabulluftbruecke.de\\\/en\\\/#\\\/schema\\\/logo\\\/image\\\/\"},\"sameAs\":[\"https:\\\/\\\/www.facebook.com\\\/kabulluftbruecke\\\/\",\"https:\\\/\\\/x.com\\\/KabulLuftbrucke\",\"https:\\\/\\\/www.instagram.com\\\/kabul_luftbruecke\\\/\"]},{\"@type\":\"Person\",\"@id\":\"https:\\\/\\\/www.kabulluftbruecke.de\\\/en\\\/#\\\/schema\\\/person\\\/a85bc6065aa7c3e1a6eb92479ecfc148\",\"name\":\"Konstantin\",\"url\":\"https:\\\/\\\/www.kabulluftbruecke.de\\\/en\\\/author\\\/konstantin\\\/\"}]}<\/script>\n<!-- \/ Yoast SEO plugin. -->","yoast_head_json":{"title":"Arrests and deportations despite admission promises and court rulings \u2013 14.08.2025 - Kabul Luftbr\u00fccke","robots":{"index":"index","follow":"follow","max-snippet":"max-snippet:-1","max-image-preview":"max-image-preview:large","max-video-preview":"max-video-preview:-1"},"canonical":"https:\/\/www.kabulluftbruecke.de\/en\/updates-en\/arrests-and-deportations-despite-admission-promises-and-court-rulings-14-08-2025\/","og_locale":"en_US","og_type":"article","og_title":"Arrests and deportations despite admission promises and court rulings \u2013 14.08.2025 - Kabul Luftbr\u00fccke","og_description":"Raids in German Accommodations in Pakistan Since Saturday, Pakistani security [...]","og_url":"https:\/\/www.kabulluftbruecke.de\/en\/updates-en\/arrests-and-deportations-despite-admission-promises-and-court-rulings-14-08-2025\/","og_site_name":"Kabul Luftbr\u00fccke","article_publisher":"https:\/\/www.facebook.com\/kabulluftbruecke\/","article_published_time":"2025-08-15T15:26:48+00:00","article_modified_time":"2025-09-12T15:28:44+00:00","og_image":[{"width":1200,"height":630,"url":"https:\/\/www.kabulluftbruecke.de\/wp-content\/uploads\/Press-relase-web.jpg","type":"image\/jpeg"}],"author":"Konstantin","twitter_card":"summary_large_image","twitter_creator":"@KabulLuftbrucke","twitter_site":"@KabulLuftbrucke","twitter_misc":{"Written by":"Konstantin","Est. reading time":"3 minutes"},"schema":{"@context":"https:\/\/schema.org","@graph":[{"@type":"Article","@id":"https:\/\/www.kabulluftbruecke.de\/en\/updates-en\/arrests-and-deportations-despite-admission-promises-and-court-rulings-14-08-2025\/#article","isPartOf":{"@id":"https:\/\/www.kabulluftbruecke.de\/en\/updates-en\/arrests-and-deportations-despite-admission-promises-and-court-rulings-14-08-2025\/"},"author":{"name":"Konstantin","@id":"https:\/\/www.kabulluftbruecke.de\/en\/#\/schema\/person\/a85bc6065aa7c3e1a6eb92479ecfc148"},"headline":"Arrests and deportations despite admission promises and court rulings \u2013 14.08.2025","datePublished":"2025-08-15T15:26:48+00:00","dateModified":"2025-09-12T15:28:44+00:00","mainEntityOfPage":{"@id":"https:\/\/www.kabulluftbruecke.de\/en\/updates-en\/arrests-and-deportations-despite-admission-promises-and-court-rulings-14-08-2025\/"},"wordCount":405,"publisher":{"@id":"https:\/\/www.kabulluftbruecke.de\/en\/#organization"},"image":{"@id":"https:\/\/www.kabulluftbruecke.de\/en\/updates-en\/arrests-and-deportations-despite-admission-promises-and-court-rulings-14-08-2025\/#primaryimage"},"thumbnailUrl":"https:\/\/www.kabulluftbruecke.de\/wp-content\/uploads\/Press-relase-web.jpg","articleSection":["Updates"],"inLanguage":"en-US"},{"@type":"WebPage","@id":"https:\/\/www.kabulluftbruecke.de\/en\/updates-en\/arrests-and-deportations-despite-admission-promises-and-court-rulings-14-08-2025\/","url":"https:\/\/www.kabulluftbruecke.de\/en\/updates-en\/arrests-and-deportations-despite-admission-promises-and-court-rulings-14-08-2025\/","name":"Arrests and deportations despite admission promises and court rulings \u2013 14.08.2025 - Kabul Luftbr\u00fccke","isPartOf":{"@id":"https:\/\/www.kabulluftbruecke.de\/en\/#website"},"primaryImageOfPage":{"@id":"https:\/\/www.kabulluftbruecke.de\/en\/updates-en\/arrests-and-deportations-despite-admission-promises-and-court-rulings-14-08-2025\/#primaryimage"},"image":{"@id":"https:\/\/www.kabulluftbruecke.de\/en\/updates-en\/arrests-and-deportations-despite-admission-promises-and-court-rulings-14-08-2025\/#primaryimage"},"thumbnailUrl":"https:\/\/www.kabulluftbruecke.de\/wp-content\/uploads\/Press-relase-web.jpg","datePublished":"2025-08-15T15:26:48+00:00","dateModified":"2025-09-12T15:28:44+00:00","breadcrumb":{"@id":"https:\/\/www.kabulluftbruecke.de\/en\/updates-en\/arrests-and-deportations-despite-admission-promises-and-court-rulings-14-08-2025\/#breadcrumb"},"inLanguage":"en-US","potentialAction":[{"@type":"ReadAction","target":["https:\/\/www.kabulluftbruecke.de\/en\/updates-en\/arrests-and-deportations-despite-admission-promises-and-court-rulings-14-08-2025\/"]}]},{"@type":"ImageObject","inLanguage":"en-US","@id":"https:\/\/www.kabulluftbruecke.de\/en\/updates-en\/arrests-and-deportations-despite-admission-promises-and-court-rulings-14-08-2025\/#primaryimage","url":"https:\/\/www.kabulluftbruecke.de\/wp-content\/uploads\/Press-relase-web.jpg","contentUrl":"https:\/\/www.kabulluftbruecke.de\/wp-content\/uploads\/Press-relase-web.jpg","width":1200,"height":630},{"@type":"BreadcrumbList","@id":"https:\/\/www.kabulluftbruecke.de\/en\/updates-en\/arrests-and-deportations-despite-admission-promises-and-court-rulings-14-08-2025\/#breadcrumb","itemListElement":[{"@type":"ListItem","position":1,"name":"Startseite","item":"https:\/\/www.kabulluftbruecke.de\/en\/"},{"@type":"ListItem","position":2,"name":"Arrests and deportations despite admission promises and court rulings \u2013 14.08.2025"}]},{"@type":"WebSite","@id":"https:\/\/www.kabulluftbruecke.de\/en\/#website","url":"https:\/\/www.kabulluftbruecke.de\/en\/","name":"Kabul Luftbr\u00fccke","description":"Unterst\u00fctze und fordere die Rettung aller Gef\u00e4hrdeten aus Afghanistan","publisher":{"@id":"https:\/\/www.kabulluftbruecke.de\/en\/#organization"},"potentialAction":[{"@type":"SearchAction","target":{"@type":"EntryPoint","urlTemplate":"https:\/\/www.kabulluftbruecke.de\/en\/?s={search_term_string}"},"query-input":{"@type":"PropertyValueSpecification","valueRequired":true,"valueName":"search_term_string"}}],"inLanguage":"en-US"},{"@type":"Organization","@id":"https:\/\/www.kabulluftbruecke.de\/en\/#organization","name":"Kabul Luftbr\u00fccke","url":"https:\/\/www.kabulluftbruecke.de\/en\/","logo":{"@type":"ImageObject","inLanguage":"en-US","@id":"https:\/\/www.kabulluftbruecke.de\/en\/#\/schema\/logo\/image\/","url":"https:\/\/www.kabulluftbruecke.de\/wp-content\/uploads\/Luftbruecke.png","contentUrl":"https:\/\/www.kabulluftbruecke.de\/wp-content\/uploads\/Luftbruecke.png","width":709,"height":185,"caption":"Kabul Luftbr\u00fccke"},"image":{"@id":"https:\/\/www.kabulluftbruecke.de\/en\/#\/schema\/logo\/image\/"},"sameAs":["https:\/\/www.facebook.com\/kabulluftbruecke\/","https:\/\/x.com\/KabulLuftbrucke","https:\/\/www.instagram.com\/kabul_luftbruecke\/"]},{"@type":"Person","@id":"https:\/\/www.kabulluftbruecke.de\/en\/#\/schema\/person\/a85bc6065aa7c3e1a6eb92479ecfc148","name":"Konstantin","url":"https:\/\/www.kabulluftbruecke.de\/en\/author\/konstantin\/"}]}},"jetpack_featured_media_url":"https:\/\/www.kabulluftbruecke.de\/wp-content\/uploads\/Press-relase-web.jpg","jetpack_sharing_enabled":true,"_links":{"self":[{"href":"https:\/\/www.kabulluftbruecke.de\/en\/wp-json\/wp\/v2\/posts\/6955","targetHints":{"allow":["GET"]}}],"collection":[{"href":"https:\/\/www.kabulluftbruecke.de\/en\/wp-json\/wp\/v2\/posts"}],"about":[{"href":"https:\/\/www.kabulluftbruecke.de\/en\/wp-json\/wp\/v2\/types\/post"}],"author":[{"embeddable":true,"href":"https:\/\/www.kabulluftbruecke.de\/en\/wp-json\/wp\/v2\/users\/14"}],"replies":[{"embeddable":true,"href":"https:\/\/www.kabulluftbruecke.de\/en\/wp-json\/wp\/v2\/comments?post=6955"}],"version-history":[{"count":0,"href":"https:\/\/www.kabulluftbruecke.de\/en\/wp-json\/wp\/v2\/posts\/6955\/revisions"}],"wp:featuredmedia":[{"embeddable":true,"href":"https:\/\/www.kabulluftbruecke.de\/en\/wp-json\/wp\/v2\/media\/6918"}],"wp:attachment":[{"href":"https:\/\/www.kabulluftbruecke.de\/en\/wp-json\/wp\/v2\/media?parent=6955"}],"wp:term":[{"taxonomy":"category","embeddable":true,"href":"https:\/\/www.kabulluftbruecke.de\/en\/wp-json\/wp\/v2\/categories?post=6955"},{"taxonomy":"post_tag","embeddable":true,"href":"https:\/\/www.kabulluftbruecke.de\/en\/wp-json\/wp\/v2\/tags?post=6955"}],"curies":[{"name":"wp","href":"https:\/\/api.w.org\/{rel}","templated":true}]}}